{"id":421931,"date":"2025-01-22T09:03:30","date_gmt":"2025-01-22T08:03:30","guid":{"rendered":"https:\/\/www.pcnen.com\/portal\/?p=421931"},"modified":"2025-01-22T09:03:30","modified_gmt":"2025-01-22T08:03:30","slug":"odjevno-nasledje-pastrovica","status":"publish","type":"post","link":"https:\/\/www.pcnen.com\/portal\/2025\/01\/22\/odjevno-nasledje-pastrovica\/","title":{"rendered":"Odjevno nasle\u0111e Pa\u0161trovi\u0107a"},"content":{"rendered":"<blockquote><p><strong>Javlja: Dru\u0161tva za kulturni razvoj &#8216;Bauo&#8217;<\/strong><\/p><\/blockquote>\n<p>Na <a href=\"https:\/\/www.youtube.com\/@drustvozakulturnirazvojbauo\">YouTube kanalu<\/a> Dru\u0161tva za kulturni razvoj\u00a0\u201eBauo\u201c iz Petrovca na Moru\u00a0danas je objavljeno je 10 video-prezentacija posve\u0107enih razli\u010ditim vrstama i aspektima odjevnog naslje\u0111a Pa\u0161trovi\u0107a. Prezentacije su ura\u0111ene krajem decembra pro\u0161le godine od strane kreativne agencije MM Digiral\u00a0d. o. o. Budva i namijenje su\u00a0\u0161irem krugu korisnika.<\/p>\n<p>U pitanju su zapravo fotografije raznoraznog odjevnog naslje\u0111a i replika no\u0161nji uglavnom usnimljene 2024. godine prilikom terenskog istra\u017eivanja u Pa\u0161trovi\u0107ima i u institucijama kulture, sada prilago\u0111ene video formatu. Stoga se najve\u0107i dio ovih fotografija na\u0161ao i u na\u0161oj najnovijoj monografskoj publikaciji \u201ePa\u0161trovi\u0107i: ba\u0161tina i scena\u201c, kojoj se mo\u017ee pristupiti\u00a0<a href=\"https:\/\/drustvobauo.wordpress.com\/2024\/12\/30\/online-izdanje-monografije-pastrovici-bastina-i-scena\/\">klikom ovdje<\/a>, odnosno u katalogu izlo\u017ebe fotografija \u201ePa\u0161trovi\u0107i na sceni: XX vijek\u201c, koja je dostupna\u00a0<a href=\"https:\/\/drustvobauo.wordpress.com\/2024\/12\/31\/katalog-izlozbe-pastrovici-na-sceni-xx-vijek\/\">ovdje<\/a>. Na taj na\u010din sakupljeni materijal \u017eelimo da dodatno u\u010dinimo vidljivim kako stru\u010dnoj tako i naj\u0161iroj javnosti,\u00a0ne bi li ova vrijedna gra\u0111a bila dodatno popularisana i dostupna svima koje data tematika interesuje, a naro\u010dito budu\u0107im istra\u017eiva\u010dima.<\/p>\n<p>U pitanju je 10 video-prezentacija:<\/p>\n<ol>\n<li>Izlo\u017eba fotografija \u201ePa\u0161trovi\u0107i na sceni: XX vijek\u201c &#8211;\u00a0<a href=\"https:\/\/www.youtube.com\/watch?v=auSliMMk174&amp;t=2s\">https:\/\/www.youtube.com\/watch?v=auSliMMk174&amp;t=2s<\/a><\/li>\n<li>Replike pa\u0161trovskih no\u0161nji za scensko izvo\u0111enje &#8211; <a href=\"https:\/\/www.youtube.com\/watch?v=QGNXlGYm6B4&amp;t=3s\">https:\/\/www.youtube.com\/watch?v=QGNXlGYm6B4&amp;t=3s<\/a><\/li>\n<li>Odjevno naslje\u0111e Pa\u0161trovi\u0107a u Spomen-domu \u201eRe\u017eevi\u0107i\u201c &#8211; <a href=\"https:\/\/www.youtube.com\/watch?v=1sWqO9iQLZM&amp;t=2s\">https:\/\/www.youtube.com\/watch?v=1sWqO9iQLZM&amp;t=2s<\/a><\/li>\n<li>Replike pa\u0161trovske no\u0161nje u Spomen-domu \u201eRe\u017eevi\u0107i\u201c &#8211; <a href=\"https:\/\/www.youtube.com\/watch?v=1ODEC0j5Bp4&amp;t=3s\">https:\/\/www.youtube.com\/watch?v=1ODEC0j5Bp4&amp;t=3s<\/a><\/li>\n<li>Odjevno naslje\u0111e Pa\u0161trovi\u0107a u Muzeju grada Budve &#8211; <a href=\"https:\/\/www.youtube.com\/watch?v=8fq8JX8u8Ao&amp;t=3s\">https:\/\/www.youtube.com\/watch?v=8fq8JX8u8Ao&amp;t=3s<\/a><\/li>\n<li>Odjevno naslje\u0111e Pa\u0161trovi\u0107a u Etnografskom muzeju na Cetinju &#8211; <a href=\"https:\/\/www.youtube.com\/watch?v=vw-0IZhQkhc&amp;t=2s\">https:\/\/www.youtube.com\/watch?v=vw-0IZhQkhc&amp;t=2s<\/a><\/li>\n<li>Replika pa\u0161trovske no\u0161nje u Etnografskom muzeju na Cetinju &#8211; <a href=\"https:\/\/www.youtube.com\/watch?v=ZtqS_cKFvoQ\">https:\/\/www.youtube.com\/watch?v=ZtqS_cKFvoQ<\/a><\/li>\n<li>Odjevno naslje\u0111e u Manastiru Praskvici &#8211; <a href=\"https:\/\/www.youtube.com\/watch?v=TdfJvEBud3I&amp;t=26s\">https:\/\/www.youtube.com\/watch?v=TdfJvEBud3I&amp;t=26s<\/a><\/li>\n<li>Odjevno naslje\u0111e u privatnim kolekcijama Pa\u0161trovi\u0107a &#8211; <a href=\"https:\/\/www.youtube.com\/watch?v=EarAaxv_zic&amp;t=27s\">https:\/\/www.youtube.com\/watch?v=EarAaxv_zic&amp;t=27s<\/a><\/li>\n<li>Nakit u privatnim kolekcijama Pa\u0161trovi\u0107a &#8211; <a href=\"https:\/\/www.youtube.com\/watch?v=OW2_EAEg81E&amp;t=18s\">https:\/\/www.youtube.com\/watch?v=OW2_EAEg81E&amp;t=18s<\/a><\/li>\n<\/ol>\n<p>Prezentacije su nastale kao svojevrsni dodatak projektu \u201eRekonstrukcija i revitalizacija tradicionalnih igara\/plesova, muzike i no\u0161nji Pa\u0161trovi\u0107a\u201c (jer inicijalno nije bila planirana njihova izrada) koji je tokom 2024. sprovodilo Dru\u0161tvo za kulturni razvoj \u201eBauo\u201c u partnerstvu sa Centrom za izu\u010davanje i revitalizaciju tradicionalnih igara i pjesama CIRTIP iz Kola\u0161ina i \u017denskom vokalnom grupom \u201eHarmonija\u201c iz Budve, uz podr\u0161ku Ministarstva kulture i medija Crne Gore putem Javnog konkursa za raspodjelu sredstava za finansiranje projekata\/programa nevladinih organizacija u oblastima kulture i umjetnosti \u201eKultura spaja: od amatera do profesionalaca\u201c 2023. godine.<\/p>\n<p>Detaljnije na <a href=\"https:\/\/drustvobauo.wordpress.com\/2025\/01\/21\/odjevno-nasljede-pastrovica-u-10-video-prezentacija-objavljeno-na-youtube-u\/\" target=\"_blank\" rel=\"noopener\">vebsajtu<\/a> Dru\u0161tva \u201eBauo\u201c.<\/p>\n","protected":false},"excerpt":{"rendered":"<p>Na YouTube kanalu Dru\u0161tva za kulturni razvoj\u00a0\u201eBauo\u201c iz Petrovca na Moru\u00a0danas je objavljeno je 10 video-prezentacija posve\u0107enih razli\u010ditim vrstama i aspektima odjevnog naslje\u0111a Pa\u0161trovi\u0107a<\/p>\n","protected":false},"author":1,"featured_media":400685,"comment_status":"open","ping_status":"closed","sticky":false,"template":"","format":"standard","meta":{"_seopress_robots_primary_cat":"none","_seopress_titles_title":"","_seopress_titles_desc":"","_seopress_robots_index":"","_et_pb_use_builder":"","_et_pb_old_content":"","_et_gb_content_width":"","inline_featured_image":false,"footnotes":""},"categories":[10],"tags":[],"class_list":["post-421931","post","type-post","status-publish","format-standard","has-post-thumbnail","hentry","category-cuj-vidji-javi"],"_links":{"self":[{"href":"https:\/\/www.pcnen.com\/portal\/wp-json\/wp\/v2\/posts\/421931","targetHints":{"allow":["GET"]}}],"collection":[{"href":"https:\/\/www.pcnen.com\/portal\/wp-json\/wp\/v2\/posts"}],"about":[{"href":"https:\/\/www.pcnen.com\/portal\/wp-json\/wp\/v2\/types\/post"}],"author":[{"embeddable":true,"href":"https:\/\/www.pcnen.com\/portal\/wp-json\/wp\/v2\/users\/1"}],"replies":[{"embeddable":true,"href":"https:\/\/www.pcnen.com\/portal\/wp-json\/wp\/v2\/comments?post=421931"}],"version-history":[{"count":1,"href":"https:\/\/www.pcnen.com\/portal\/wp-json\/wp\/v2\/posts\/421931\/revisions"}],"predecessor-version":[{"id":421934,"href":"https:\/\/www.pcnen.com\/portal\/wp-json\/wp\/v2\/posts\/421931\/revisions\/421934"}],"wp:featuredmedia":[{"embeddable":true,"href":"https:\/\/www.pcnen.com\/portal\/wp-json\/wp\/v2\/media\/400685"}],"wp:attachment":[{"href":"https:\/\/www.pcnen.com\/portal\/wp-json\/wp\/v2\/media?parent=421931"}],"wp:term":[{"taxonomy":"category","embeddable":true,"href":"https:\/\/www.pcnen.com\/portal\/wp-json\/wp\/v2\/categories?post=421931"},{"taxonomy":"post_tag","embeddable":true,"href":"https:\/\/www.pcnen.com\/portal\/wp-json\/wp\/v2\/tags?post=421931"}],"curies":[{"name":"wp","href":"https:\/\/api.w.org\/{rel}","templated":true}]}}