{"id":421527,"date":"2025-01-20T10:16:28","date_gmt":"2025-01-20T09:16:28","guid":{"rendered":"https:\/\/www.pcnen.com\/portal\/?p=421527"},"modified":"2025-01-17T15:07:40","modified_gmt":"2025-01-17T14:07:40","slug":"istorija-u-digitalnom-dobu-promovisanje-demokratskih-vrednosti-i-kritickog-misljenja","status":"publish","type":"post","link":"https:\/\/www.pcnen.com\/portal\/2025\/01\/20\/istorija-u-digitalnom-dobu-promovisanje-demokratskih-vrednosti-i-kritickog-misljenja\/","title":{"rendered":"Istorija u digitalnom dobu: Promovisanje demokratskih vrednosti i kriti\u010dkog mi\u0161ljenja"},"content":{"rendered":"<p>PONOVO SMO TU \u2013 Projekat zajedni\u010dkih istorijskih \u010ditanki svih zemalja Jugoisto\u010dne Evrope kre\u0107e s novom fazom<\/p>\n<p>Istorija u digitalnom dobu: Promovisanje demokratskih vrednosti i kriti\u010dkog mi\u0161ljenja<\/p>\n<p>Zasnovan na radu stotina istori\u010dara i nastavnika iz jugoisto\u010dne Evrope, koji su u od 1998. do 2016. napisali \u0161est knjiga na jedanaest jezika koje pokrivaju vreme od Osmanskog carstva do 2008, JHP 2.0 je usmeren na anga\u017eovanje mlade i nove publike, prvenstveno u digitalnoj sferi.<\/p>\n<p>JHP 2.0 \u0107e kao i ranije, nastaviti da podsti\u010de znanje i kreativnost, kako istori\u010dara i nastavnika, tako i umetnika i novinara, i svih koji \u017eele da promovi\u0161u demokratsku politi\u010dku kulturu u jugoisto\u010dnoj Evropi.<\/p>\n<p>U okviru projekta, fokus \u0107e biti na kreiranju sadr\u017eaja na dru\u0161tvenim mre\u017eama, video snimaka, stripova, \u010dlanaka, akademskih studija i niza drugih sadr\u017eaja kako bi se podstakla radoznalost, empatija i kriti\u010dko razmi\u0161ljanje o istoriji. Prve sadr\u017eaje mo\u017eete pratiti ve\u0107 od danas kada po\u010dinje na\u0161a prva medijska kampanja U\u010cI I INSPIRI\u0160I\u00a0 po\u010dinje danas i to na: <a href=\"https:\/\/www.facebook.com\/profile.php?id=61568313746355\" target=\"_blank\" rel=\"noopener\">https:\/\/www.facebook.com\/profile.php?id=61568313746355<\/a><\/p>\n<p>i <a href=\"https:\/\/www.instagram.com\/joint.history.project\/\" target=\"_blank\" rel=\"noopener\">https:\/\/www.instagram.com\/joint.history.project\/<\/a><\/p>\n<p>Uz to, predvideli smo i nau\u010dnu konferenciju o konceptu granica u jugoisto\u010dnoj Evropi zakazanu za maj 2025. Centralno pitanje na tom skupu bi\u0107e da li se region emancipovao od te\u017enje ka demarkaciji i partikularizmu.<\/p>\n<p>Prof. Kristina Kuluri\u00a0 iz Atine nastavlja da vodi nau\u010dni rad u okviru JHP. Ditmir Bu\u0161ati, biv\u0161i ministar inostranih poslova Albanije, predsedava \u201ePrijateljima JHP 2.0\u201c, grupom akademika, diplomata i aktivista civilnog dru\u0161tva u jugoisto\u010dnoj Evropi koji veruju da ovaj projekat treba da dopre do \u0161to ve\u0107eg broja ljudi, posebno do mlade generacije. JHP 2.0 tim predvodi Zvezdana Kova\u010d iz Crne Gore&#8211;za sve informacije pi\u0161ite na jointhistoryproject@gmail.com.<\/p>\n<p>Ovaj projekat implementira Evropski fond za Balkan, a finansijski podr\u017eava Ministarstvo spoljnih poslova Savezne Republike Nema\u010dke.<\/p>\n","protected":false},"excerpt":{"rendered":"<p>Projekat zajedni\u010dkih istorijskih \u010ditanki svih zemalja Jugoisto\u010dne Evrope kre\u0107e s novom fazom<\/p>\n","protected":false},"author":1,"featured_media":421530,"comment_status":"open","ping_status":"closed","sticky":false,"template":"","format":"standard","meta":{"_seopress_robots_primary_cat":"none","_seopress_titles_title":"","_seopress_titles_desc":"","_seopress_robots_index":"","_et_pb_use_builder":"","_et_pb_old_content":"","_et_gb_content_width":"","inline_featured_image":false,"footnotes":""},"categories":[10],"tags":[],"class_list":["post-421527","post","type-post","status-publish","format-standard","has-post-thumbnail","hentry","category-cuj-vidji-javi"],"_links":{"self":[{"href":"https:\/\/www.pcnen.com\/portal\/wp-json\/wp\/v2\/posts\/421527","targetHints":{"allow":["GET"]}}],"collection":[{"href":"https:\/\/www.pcnen.com\/portal\/wp-json\/wp\/v2\/posts"}],"about":[{"href":"https:\/\/www.pcnen.com\/portal\/wp-json\/wp\/v2\/types\/post"}],"author":[{"embeddable":true,"href":"https:\/\/www.pcnen.com\/portal\/wp-json\/wp\/v2\/users\/1"}],"replies":[{"embeddable":true,"href":"https:\/\/www.pcnen.com\/portal\/wp-json\/wp\/v2\/comments?post=421527"}],"version-history":[{"count":1,"href":"https:\/\/www.pcnen.com\/portal\/wp-json\/wp\/v2\/posts\/421527\/revisions"}],"predecessor-version":[{"id":421531,"href":"https:\/\/www.pcnen.com\/portal\/wp-json\/wp\/v2\/posts\/421527\/revisions\/421531"}],"wp:featuredmedia":[{"embeddable":true,"href":"https:\/\/www.pcnen.com\/portal\/wp-json\/wp\/v2\/media\/421530"}],"wp:attachment":[{"href":"https:\/\/www.pcnen.com\/portal\/wp-json\/wp\/v2\/media?parent=421527"}],"wp:term":[{"taxonomy":"category","embeddable":true,"href":"https:\/\/www.pcnen.com\/portal\/wp-json\/wp\/v2\/categories?post=421527"},{"taxonomy":"post_tag","embeddable":true,"href":"https:\/\/www.pcnen.com\/portal\/wp-json\/wp\/v2\/tags?post=421527"}],"curies":[{"name":"wp","href":"https:\/\/api.w.org\/{rel}","templated":true}]}}