{"id":421155,"date":"2025-01-10T18:30:40","date_gmt":"2025-01-10T17:30:40","guid":{"rendered":"https:\/\/www.pcnen.com\/portal\/?p=421155"},"modified":"2025-01-10T20:06:14","modified_gmt":"2025-01-10T19:06:14","slug":"bus-nije-ni-pogledao-trampa-video","status":"publish","type":"post","link":"https:\/\/www.pcnen.com\/portal\/2025\/01\/10\/bus-nije-ni-pogledao-trampa-video\/","title":{"rendered":"Bu\u0161 nije ni pogledao Trampa (video)"},"content":{"rendered":"<p>Biv\u0161i predsjednik SAD D\u017eord\u017e Bu\u0161 je pozdravio svog nasljednika, demokratu Baraka Obamu tako \u0161to ga je potap\u0161ao po trbuhu, dok novoizabranog predsjednika, republikanca Donalda Trampa nije udostojio ni pogleda, iako je Tramp sjedio do Obame Desilo se to na sprovodu nedavno preminulog predsjednika SAD D\u017eimija Kartera u Nacionalnoj katedrali u Va\u0161ingtonu.<\/p>\n<blockquote class=\"twitter-tweet\" data-width=\"550\" data-dnt=\"true\">\n<p lang=\"en\" dir=\"ltr\">The belly tap is remarkable <a href=\"https:\/\/t.co\/bxj3wEETh2\">pic.twitter.com\/bxj3wEETh2<\/a><\/p>\n<p>&mdash; Reese Gorman (@reesejgorman) <a href=\"https:\/\/twitter.com\/reesejgorman\/status\/1877386631482671579?ref_src=twsrc%5Etfw\">January 9, 2025<\/a><\/p><\/blockquote>\n<p><script async src=\"https:\/\/platform.twitter.com\/widgets.js\" charset=\"utf-8\"><\/script><\/p>\n<p>&#8220;Posmatram interakcije ovih ljudi na sprovodu Kartera. Obama razgovara sa svima (uklju\u010duju\u0107i Trampa i Bu\u0161a), on je omiljen. Klintonovi razgovaraju me\u0111usobno. Kad je stigla Kamala, Tramp je nju neprestano gledao dok ga ona nije htjela ni pogledati, a Melania je cijelo jutro djelovala nezadovoljno&#8221;, napisao je D\u017eems J. Zogbi, osniva\u010d Arapsko-ameri\u010dkog instituta, prenosi Index.hr.<\/p>\n<p><iframe loading=\"lazy\" title=\"YouTube video player\" src=\"https:\/\/www.youtube.com\/embed\/D1U3tqhk4fY?si=BXY0pN-90mI4JIDI\" width=\"560\" height=\"315\" frameborder=\"0\" allowfullscreen=\"allowfullscreen\"><\/iframe><\/p>\n<p>Na zavr\u0161etku ceremonije u katdrali, Tramp je pri\u0161ao i pozdravio se sa Bu\u0161om.<\/p>\n<p><iframe loading=\"lazy\" title=\"YouTube video player\" src=\"https:\/\/www.youtube.com\/embed\/0morziOEU9s?si=aWtDgdUvbh2Z0JoZ\" width=\"560\" height=\"315\" frameborder=\"0\" allowfullscreen=\"allowfullscreen\"><\/iframe><\/p>\n<blockquote class=\"twitter-tweet\">\n<p dir=\"ltr\" lang=\"en\">What really happened at the Carter funeral? <a href=\"https:\/\/t.co\/DCrmmVOtlU\">pic.twitter.com\/DCrmmVOtlU<\/a><\/p>\n<p>\u2014 \ud83c\uddfa\ud83c\uddf8Steve2A\ud83c\uddfa\ud83c\uddf8God\ud83c\uddfa\ud83c\uddf8Family\ud83c\uddfa\ud83c\uddf8Country\ud83c\uddfa\ud83c\uddf8 (@lakemonstercl1) <a href=\"https:\/\/twitter.com\/lakemonstercl1\/status\/1877538904456229302?ref_src=twsrc%5Etfw\">January 10, 2025<\/a><\/p><\/blockquote>\n<p><script async src=\"https:\/\/platform.twitter.com\/widgets.js\" charset=\"utf-8\"><\/script><\/p>\n<p>&nbsp;<\/p>\n","protected":false},"excerpt":{"rendered":"<p>Biv\u0161i predsjednik SAD D\u017eord\u017e Bu\u0161 je pozdravio svog nasljednika, demokratu Baraka Obamu tako \u0161to ga je potap\u0161ao po trbuhu, dok novoizabranog predsjednika, republikanca Donalda Trampa nije udostojio ni pogleda<\/p>\n","protected":false},"author":1,"featured_media":421158,"comment_status":"open","ping_status":"closed","sticky":false,"template":"","format":"standard","meta":{"_seopress_robots_primary_cat":"none","_seopress_titles_title":"","_seopress_titles_desc":"","_seopress_robots_index":"","_et_pb_use_builder":"","_et_pb_old_content":"","_et_gb_content_width":"","inline_featured_image":false,"footnotes":""},"categories":[9],"tags":[],"class_list":["post-421155","post","type-post","status-publish","format-standard","has-post-thumbnail","hentry","category-zanimljivosti"],"_links":{"self":[{"href":"https:\/\/www.pcnen.com\/portal\/wp-json\/wp\/v2\/posts\/421155","targetHints":{"allow":["GET"]}}],"collection":[{"href":"https:\/\/www.pcnen.com\/portal\/wp-json\/wp\/v2\/posts"}],"about":[{"href":"https:\/\/www.pcnen.com\/portal\/wp-json\/wp\/v2\/types\/post"}],"author":[{"embeddable":true,"href":"https:\/\/www.pcnen.com\/portal\/wp-json\/wp\/v2\/users\/1"}],"replies":[{"embeddable":true,"href":"https:\/\/www.pcnen.com\/portal\/wp-json\/wp\/v2\/comments?post=421155"}],"version-history":[{"count":3,"href":"https:\/\/www.pcnen.com\/portal\/wp-json\/wp\/v2\/posts\/421155\/revisions"}],"predecessor-version":[{"id":421165,"href":"https:\/\/www.pcnen.com\/portal\/wp-json\/wp\/v2\/posts\/421155\/revisions\/421165"}],"wp:featuredmedia":[{"embeddable":true,"href":"https:\/\/www.pcnen.com\/portal\/wp-json\/wp\/v2\/media\/421158"}],"wp:attachment":[{"href":"https:\/\/www.pcnen.com\/portal\/wp-json\/wp\/v2\/media?parent=421155"}],"wp:term":[{"taxonomy":"category","embeddable":true,"href":"https:\/\/www.pcnen.com\/portal\/wp-json\/wp\/v2\/categories?post=421155"},{"taxonomy":"post_tag","embeddable":true,"href":"https:\/\/www.pcnen.com\/portal\/wp-json\/wp\/v2\/tags?post=421155"}],"curies":[{"name":"wp","href":"https:\/\/api.w.org\/{rel}","templated":true}]}}