{"id":419679,"date":"2024-12-21T16:15:04","date_gmt":"2024-12-21T15:15:04","guid":{"rendered":"https:\/\/www.pcnen.com\/portal\/?p=419679"},"modified":"2024-12-21T16:15:04","modified_gmt":"2024-12-21T15:15:04","slug":"medjuetnicki-odnosi-u-crnoj-gori-dobri-samo-za-polovinu-gradjana","status":"publish","type":"post","link":"https:\/\/www.pcnen.com\/portal\/2024\/12\/21\/medjuetnicki-odnosi-u-crnoj-gori-dobri-samo-za-polovinu-gradjana\/","title":{"rendered":"Me\u0111uetni\u010dki odnosi u Crnoj Gori dobri samo za polovinu gra\u0111ana"},"content":{"rendered":"<blockquote><p><strong>Javlja: Centar za demokratsku tranziciju (CDT)<\/strong><\/p><\/blockquote>\n<p>Tek oko polovine gra\u0111ana\/ki (47,2 odsto) smatra da su me\u0111uetni\u010dki odnosi u Crnoj Gori pozitivni dok zna\u010dajan dio njih (39,8 odsto) me\u0111uetni\u010dke odnose ocjenjuje kao uglavnom ili veoma lo\u0161e. Preostalih 13 odsto ispitanika nema stav o tome da li su ti odnosi pozitivni ili negativni. To je pokazalo je istra\u017eivanje koje je za CDT sproveo Institut Damar u periodu od 7. do 18. novembra na 1.000 ispitanika.<\/p>\n<p>Ovaj segment istra\u017eivanja fokusira se na percepcije i obrasce etnonacionalizma u Crnoj Gori, pri \u010demu se analiziraju stavovi gra\u0111ana o osje\u0107aju pripadnosti, percepciji ugro\u017eenosti, kao i zna\u010daju o\u010duvanja etni\u010dkog identiteta.<\/p>\n<p>Istra\u017eivanje je pokazalo i da gotovo polovina ispitanika (48,1 odsto) smatra da su istorijski odnosi izme\u0111u etni\u010dkih zajednica u Crnoj Gori danas razlog politi\u010dkih tenzija u dr\u017eavi, dok, istovremeno, ne\u0161to vi\u0161e od petine ispitanika (21,4 odsto) ne dijeli ovo mi\u0161ljenje, a zna\u010dajan procenat ispitanika (30,5 odsto) je neodlu\u010dno ili nema stav.<\/p>\n<p>Da nam zbog mije\u0161anja razli\u010ditih kultura prijeti opasnost da izgubimo identitet vjeruje oko tre\u0107ine gra\u0111ana (35,6 odsto). Istovremeno, sa tim se ne sla\u017ee tre\u0107ina (34,7 odsto), dok neutralan stav zauzima 29,7 odsto ispitanika.<\/p>\n<p>Vi\u0161e od polovine (55,5 odsto) smatra da njihova etni\u010dka grupa treba da pove\u0107a prirodni prira\u0161taj kako ne bi bila potisnuta od strane drugih etni\u010dkih grupa, pri \u010demu 27,3 odsto u potpunosti podr\u017eava ovu ideju, a 28,2 odsto donekle. Neslaganje s ovom tvrdnjom izra\u017eava 26,4 odsto (donekle i uop\u0161te se ne sla\u017ee) ispitanika, dok je 18,1 odsto neodlu\u010dnih.<\/p>\n<p>Zna\u010dajan broj ispitanika (43,2 odsto) kazalo je da se prijatnije osje\u0107a kada je u okru\u017eenju pripadnika svoje etni\u010dke zajednice, nego kada je u dru\u0161tvu razli\u010ditih etni\u010dkih grupa, dok je tre\u0107ina njih (33,3 odsto) odgovorilo da to nije slu\u010daj. Gotovo \u010detvrtina gra\u0111ana (23,5 odsto) nema stav o ovom pitanju.<\/p>\n<p>Da se prijatnije osje\u0107a u u dru\u0161tvu pripadnika svoje vjerske zajednice, u pore\u0111enju sa situacijama gdje su prisutni pripadnici drugih vjera kazalo je 41,7 odsto ispitanika, njih 28,3 odsto je kazalo da to nije slu\u010daj, dok 30 odsto ima neutralan stav o ovom pitanju.<\/p>\n<p>Tre\u0107ina gra\u0111ana (34,4 odsto) smatra da je lojalnost etni\u010dkoj zajednici va\u017enija od lojalnosti prema Crnoj Gori kao dr\u017eavi. Tako\u0111e oko tre\u0107ine gra\u0111ana (36,4 odsto) nije saglasno sa ovom tvrdnjom, dok 29,2 odsto ima neutralan stav prema tvrdnji.<\/p>\n<p>Tako\u0111e, svaki \u010detvrti gra\u0111anin (26,5 odsto) smatra da nacionalne manjine u Crnoj Gori u\u017eivaju previ\u0161e privilegija na \u0161tetu ostalog stanovni\u0161tva, dok skoro polovina (46 odsto) nije saglasna sa tim, a 27,5 odsto je neodlu\u010dnih.<\/p>\n<p>Polovina gra\u0111ana (50,5 odsto) smatra da treba da se \u010dvrsto dr\u017eimo narodnih obi\u010daja i tradicije dok svega 22,5 odsto nije saglasno sa ovom tvrdnjom. Neutralan stav o ovom pitanju ima 27 odsto ispitanika.<\/p>\n<p>Istra\u017eivanje pokazuje da se najve\u0107i broj gra\u0111ana (26,6 odsto) naj\u010de\u0161\u0107e osjetilo ugro\u017eeno zbog druga\u010dijeg politi\u010dkog mi\u0161ljenja, slijedi pripadnost politi\u010dkoj partiji (25,1 odsto) zatim etni\u010dka pripadnost (22,9 odsto) te religijska pripadnost (20,3 odsto). Da se osje\u0107alo ugro\u017eeno zbog svog materijalnog polo\u017eaja odgovorilo je 13,6 odsto ispitanika, 9,8 odsto je odgovorilo potvrdno na pitanje da li se osje\u0107alo ugro\u017eeno zbog roda, dok je zbog seksualnog opredjeljenja ugro\u017eenost osjetilo 2,9 odsto ispitanika.<\/p>\n<blockquote><p>Istra\u017eivanje je sprovedeno u okviru projekta \u201dJa\u010danje otpornosti Crne Gore: Borba protiv radikalizacije i dezinformacija\u201d uz podr\u0161ku Ministarstva spoljnih poslova Holandije. Sadr\u017eaj je isklju\u010diva odgovornost Centra za demokratsku tranziciju (CDT) i ne predstavlja nu\u017eno mi\u0161ljenje Ministarstva spoljnih poslova Holandije.<\/p><\/blockquote>\n","protected":false},"excerpt":{"rendered":"<p>Javlja: Centar za demokratsku tranziciju (CDT) Tek oko polovine gra\u0111ana\/ki (47,2 odsto) smatra da su me\u0111uetni\u010dki odnosi u Crnoj Gori pozitivni dok zna\u010dajan dio njih (39,8 odsto) me\u0111uetni\u010dke odnose ocjenjuje kao uglavnom ili veoma lo\u0161e. Preostalih 13 odsto ispitanika nema stav o tome da li su ti odnosi pozitivni ili negativni. To je pokazalo je [&hellip;]<\/p>\n","protected":false},"author":1,"featured_media":285625,"comment_status":"open","ping_status":"closed","sticky":false,"template":"","format":"standard","meta":{"_seopress_robots_primary_cat":"none","_seopress_titles_title":"","_seopress_titles_desc":"","_seopress_robots_index":"","_et_pb_use_builder":"","_et_pb_old_content":"","_et_gb_content_width":"","inline_featured_image":false,"footnotes":""},"categories":[10],"tags":[],"class_list":["post-419679","post","type-post","status-publish","format-standard","has-post-thumbnail","hentry","category-cuj-vidji-javi"],"_links":{"self":[{"href":"https:\/\/www.pcnen.com\/portal\/wp-json\/wp\/v2\/posts\/419679","targetHints":{"allow":["GET"]}}],"collection":[{"href":"https:\/\/www.pcnen.com\/portal\/wp-json\/wp\/v2\/posts"}],"about":[{"href":"https:\/\/www.pcnen.com\/portal\/wp-json\/wp\/v2\/types\/post"}],"author":[{"embeddable":true,"href":"https:\/\/www.pcnen.com\/portal\/wp-json\/wp\/v2\/users\/1"}],"replies":[{"embeddable":true,"href":"https:\/\/www.pcnen.com\/portal\/wp-json\/wp\/v2\/comments?post=419679"}],"version-history":[{"count":1,"href":"https:\/\/www.pcnen.com\/portal\/wp-json\/wp\/v2\/posts\/419679\/revisions"}],"predecessor-version":[{"id":419682,"href":"https:\/\/www.pcnen.com\/portal\/wp-json\/wp\/v2\/posts\/419679\/revisions\/419682"}],"wp:featuredmedia":[{"embeddable":true,"href":"https:\/\/www.pcnen.com\/portal\/wp-json\/wp\/v2\/media\/285625"}],"wp:attachment":[{"href":"https:\/\/www.pcnen.com\/portal\/wp-json\/wp\/v2\/media?parent=419679"}],"wp:term":[{"taxonomy":"category","embeddable":true,"href":"https:\/\/www.pcnen.com\/portal\/wp-json\/wp\/v2\/categories?post=419679"},{"taxonomy":"post_tag","embeddable":true,"href":"https:\/\/www.pcnen.com\/portal\/wp-json\/wp\/v2\/tags?post=419679"}],"curies":[{"name":"wp","href":"https:\/\/api.w.org\/{rel}","templated":true}]}}