{"id":419488,"date":"2024-12-19T08:42:24","date_gmt":"2024-12-19T07:42:24","guid":{"rendered":"https:\/\/www.pcnen.com\/portal\/?p=419488"},"modified":"2024-12-19T08:42:24","modified_gmt":"2024-12-19T07:42:24","slug":"otvorena-prva-ceskaonica-u-bih","status":"publish","type":"post","link":"https:\/\/www.pcnen.com\/portal\/2024\/12\/19\/otvorena-prva-ceskaonica-u-bih\/","title":{"rendered":"Otvorena prva \u010de\u0161kaonica u BiH"},"content":{"rendered":"<p>Bosna i Hercegovina je dobila svoju prvu \u010de\u0161kaonicu i to u Banja Luci, a vlasnica je fizioterapeutkinja Lana koja je otkrila kako je do\u0161la na ideju da otvori ovakav salon te da je iznena\u0111ena interesom za ovu uslugu.<\/p>\n<p>Naime, \u010de\u0161kaonica je inovativni koncept u Bosni i Hercegovini, a kreirana je tako da posjetiteljima pru\u017ei iskustvo koje spaja relaksaciju i terapiju.<\/p>\n<p>Fizioterapeutkinja Lana za Klix.ba je otkrila kako je do\u0161la na ideju da u sklopu svog salona za masa\u017eu i fizioterapiju ponudi i uslugu \u010de\u0161kanja.<\/p>\n<p>&#8220;Ja imam salon za masa\u017eu i fizioterapiju i onda su mi klijenti \u010desto govorili: &#8216;Jao, divno, ba\u0161 se lijepo osje\u0107am. Kako bi bilo divno da mogu da se \u010de\u0161kam&#8217;. Meni je to bilo smije\u0161no na po\u010detku, me\u0111utim, kako sam razgovarala vi\u0161e s klijentima. Shvatila sam da stvarno ljudi \u017eele to&#8221;, ispri\u010dala nam je Lana.U nastavku je otkrila kako klijenti \u010de\u0161kaonice mogu birati termine koji traju 30 minuta i 60 minuta.<\/p>\n<p>&#8220;U sklopu termina od 30 minuta mogu birati dio tijela ili dijelove tijela, a termin od 60 minuta podrazumijeva cijelo tijelo &#8211; lice, glava, vrat, ruke, stomak, noge i le\u0111a&#8221;, pri\u010da\u00a0 Lana.<\/p>\n<p>Za termin od 30 minuta potrebno je izdvojiti 25 KM, dok onaj od 60 minuta ko\u0161ta 45 KM.<\/p>\n<p>Posjetitelji \u010de\u0161kaonice mogu birati ho\u0107e li sjesti ili le\u0107i prilikom termina, a Lana je iznena\u0111ena brojem ljudi koji se javljaju za termine.<\/p>\n<p>&#8220;Zainteresovanih ima toliko da ne mogu da vjerujem, i ja sam iznena\u0111ena&#8221;, poru\u010duje Lana.<\/p>\n","protected":false},"excerpt":{"rendered":"<p>Bosna i Hercegovina je dobila svoju prvu \u010de\u0161kaonicu i to u Banja Luci, a vlasnica je fizioterapeutkinja Lana koja je otkrila kako je do\u0161la na ideju da otvori ovakav salon te da je iznena\u0111ena interesom za ovu uslugu.<\/p>\n","protected":false},"author":1,"featured_media":419491,"comment_status":"open","ping_status":"closed","sticky":false,"template":"","format":"standard","meta":{"_seopress_robots_primary_cat":"none","_seopress_titles_title":"","_seopress_titles_desc":"","_seopress_robots_index":"","_et_pb_use_builder":"","_et_pb_old_content":"","_et_gb_content_width":"","inline_featured_image":false,"footnotes":""},"categories":[9],"tags":[],"class_list":["post-419488","post","type-post","status-publish","format-standard","has-post-thumbnail","hentry","category-zanimljivosti"],"_links":{"self":[{"href":"https:\/\/www.pcnen.com\/portal\/wp-json\/wp\/v2\/posts\/419488","targetHints":{"allow":["GET"]}}],"collection":[{"href":"https:\/\/www.pcnen.com\/portal\/wp-json\/wp\/v2\/posts"}],"about":[{"href":"https:\/\/www.pcnen.com\/portal\/wp-json\/wp\/v2\/types\/post"}],"author":[{"embeddable":true,"href":"https:\/\/www.pcnen.com\/portal\/wp-json\/wp\/v2\/users\/1"}],"replies":[{"embeddable":true,"href":"https:\/\/www.pcnen.com\/portal\/wp-json\/wp\/v2\/comments?post=419488"}],"version-history":[{"count":1,"href":"https:\/\/www.pcnen.com\/portal\/wp-json\/wp\/v2\/posts\/419488\/revisions"}],"predecessor-version":[{"id":419492,"href":"https:\/\/www.pcnen.com\/portal\/wp-json\/wp\/v2\/posts\/419488\/revisions\/419492"}],"wp:featuredmedia":[{"embeddable":true,"href":"https:\/\/www.pcnen.com\/portal\/wp-json\/wp\/v2\/media\/419491"}],"wp:attachment":[{"href":"https:\/\/www.pcnen.com\/portal\/wp-json\/wp\/v2\/media?parent=419488"}],"wp:term":[{"taxonomy":"category","embeddable":true,"href":"https:\/\/www.pcnen.com\/portal\/wp-json\/wp\/v2\/categories?post=419488"},{"taxonomy":"post_tag","embeddable":true,"href":"https:\/\/www.pcnen.com\/portal\/wp-json\/wp\/v2\/tags?post=419488"}],"curies":[{"name":"wp","href":"https:\/\/api.w.org\/{rel}","templated":true}]}}