{"id":417950,"date":"2024-11-29T10:39:27","date_gmt":"2024-11-29T09:39:27","guid":{"rendered":"https:\/\/www.pcnen.com\/portal\/?p=417950"},"modified":"2024-11-29T11:34:03","modified_gmt":"2024-11-29T10:34:03","slug":"kolasinski-davos","status":"publish","type":"post","link":"https:\/\/www.pcnen.com\/portal\/2024\/11\/29\/kolasinski-davos\/","title":{"rendered":"Kola\u0161inski Davos"},"content":{"rendered":"<blockquote><p><strong>Pi\u0161e:Omer \u0160ARKI\u0106<\/strong><\/p><\/blockquote>\n<p>Ve\u0107 nekoliko puta sam pisao tekstove o skijali\u0161tima i skijanju u Crnoj Gori, ali, evo, uradi\u0107u to opet, jer prosto ne mogu da vjerujem u takvu neorganizovanost i java\u0161luk, a ulo\u017eili smo desetine miliona eura u njih &#8211; na ona u Kola\u0161inu mislim.<\/p>\n<p>U ovom tekstu se ne\u0107u osvrtati na ulaganje ogromnih sredstava u pravljenja skijali\u0161ta tamo gdje hroni\u010dno nedostaje snijega, jo\u0161 na osun\u010danoj strani planine (Kola\u0161in 1600) a ne na Bogi\u0107evici na primjer, koja ima obilje snijega od decembra do maja, te nepostojanju sistema za osnje\u017eavanje. Osvrnu\u0107u se na pripremu sezone, obavje\u0161tenjima, pripremi staza \u2013 ako bude snijega i, pore\u0111enju sa drugim skijali\u0161tima u regionu.<\/p>\n<p>Snijeg upravo pada, po vremenskoj prognozi\u00a0 pada\u0107e danas i sjutra, tako da postoje relane \u0161anse da ga ve\u0107 u ponedjeljak na skijali\u0161tima u Kola\u0161inu bude 50 centimara, \u0161to je vi\u0161e nego dovoljno za skijanje, otvaranje predsezone, makar za skijanje vikendom.<\/p>\n<p>Me\u0111utim, kola\u0161inska skijali\u0161ta u koja su ulo\u017eena ogromna sredstva jo\u0161 nemaju nikakvih, makar onih najosnovnijih podataka za skija\u0161e i potencijalne turiste: kada po\u010dinje sezona, kolika \u0107e biti cijena ski-pasa, cijene iznajmljivanje ski opreme, smje\u0161taja&#8230; Na dr\u017eavnom &#8211; a u stvari partijskom skijali\u0161tu \u201eKola\u0161in 1600\u201c, \u010dak jo\u0161 nijesu uklju\u010dene web kamere, kako bi neki zalu\u0111enici \u2013 kao ja na primjer, mogli sami procijeniti kakvo stanje mo\u017eemo o\u010dekivati &#8211; kad i ako sezona skijanja po\u010dne.<\/p>\n<p>Na privatnom, prakti\u010dno poklonjenom skijali\u0161tu, \u010diji je vlasnik valjda jo\u0161 u pritvoru zbog napada na novinarku, rade makar kamere \u2013 i ni\u0161ta vi\u0161e. Snijega, vidim po kamerama, ve\u0107 ima oko 30 cm, ali sam vidio da i trava na skija\u0161kim terenima nije poko\u0161ena (a jesen je bila blaga, idealna za bujanje trave), tako da i dalje \u201eviri\u201c, te ni snijeg visine 50 cm ne\u0107e biti dovoljan da je potpuno prekrije, \u0161to zna\u010di da \u0107e staze biti lo\u0161e, \u010dak opasne po skija\u0161e, po\u010detnike pogotovu.<\/p>\n<p>Da li je trava poko\u0161ena na stazama partijskog skijali\u0161ta \u201eKola\u0161in 1600\u201c i kolika je visina snijega tamo \u2013 ne znam, jer kamere jo\u0161 ne rade, a ni sajt, koji o\u010digledno nije a\u017euriran od pro\u0161le skija\u0161ke sezone \u2013 koje nije bilo &#8211; jer nije bilo snijega.<\/p>\n<p>Ve\u0107 7-8 dana pratim i zbivanja na skijali\u0161tima u okru\u017eenju.<\/p>\n<p>Kakvo je stanje tamo?<\/p>\n<p>Krvavec (skijali\u0161te u Sloveniji, 30 km od Ljubljanje, du\u017eina staza otprilike koliko na \u201eKola\u0161in 1600\u201c):<\/p>\n<p>Sajt im je stalno u funkciji. Prije 7-8 dana, \u010dim je pao prvi snijeg, odmah su uklju\u010dili dodatno, vje\u0161ta\u010dko osne\u017eavanje, iako im se sezona otvara 05.12. \u2013 kako stoji na sajtu. Uprkos tome \u0161to zvani\u010dna sezona po\u010dinje tada, ve\u0107 danas su uklju\u010dili dvije \u017eice i staze za ljubitelje skijanja, \u0161to se vidi na njihovom sajtu i na web kamerama, kojih ima sijaset i koje pokrivaju cijelu stazu.<\/p>\n<p>Kopaonik:<\/p>\n<p>Sajt im je odavno u funkciji, sezona po\u010dinje u periodu izme\u0111u 05.12 i 08.12., snijega trenutno ima svega 5 cm ali vr\u0161e stalno osnjezavanje staza. Uveliko se vr\u0161i rani buking preko sajta. Sa preko desetak web kamera mo\u017eemo direktno vidjeti stanje na stazama i koli\u010dinu snijega, ali i trenutnu tmperaturu, desetodnevnu prognozu vremena sa prognozom o\u010dekivane koli\u010dine snijega. Informacije na sajtu se prenose iz \u010dasa u \u010das.<\/p>\n<p>Jahorina:<\/p>\n<p>Sajt (najlo\u0161ije modeliran od ova tri) je u funkciji, trenutna visina snijega je svega 3 cm, po prognozi vremena za skijali\u0161te (\u010dega kod nas nema) u naredna dva dana \u0107e pasti jo\u0161 15 cm snijega. Danas i sjutra je organizovano besplatno u\u017eivanje na snijegu osnovaca i srednjo\u0161kolaca iz isto\u010dnog Sarajeva, objavljena je cijena ski pasa za sezonu, za koji, ako se kupuje sada, budu\u0107i skija\u0161i imaju popust od 10 \u2013 15%. Preko sajta se mo\u017ee rezervisati smje\u0161taj i dobiti bar neke, osnovne informacije.<\/p>\n<p>Kod nas \u2013 ni\u0161ta. Sajtovi nijesu u funkciji: ne zna se kad po\u010dinje sezona, koliko \u0107e ko\u0161tati ski \u2013 pas, ne mo\u017ee se rezervisati smje\u0161taj,\u00a0 skija\u0161ki tereni nepoko\u0161eni (bar onaj \u201e\u0106o\u0107ov\u201c), vremenske prognoze nema, niti podataka o visini snijega&#8230; Da paradoks bude ve\u0107i, ve\u0107 sada na skijali\u0161tima u Kola\u0161inu ima snijega neuporedivo vi\u0161e nego na Kopaoniku i Jahorini, otprilike koliko i na vje\u0161ta\u010dki osnje\u017eivanom\u00a0 Krvavecu, ali bukvalno ni\u0161ta ne radi niti ima bilo kakvih informacija o sezoni.<\/p>\n<p>Takvo je stanje u\u00a0 na\u0161em\u00a0 Davosu\u00a0 &#8211; kako je svojevremeno Abazovi\u0107 nazvao skijali\u0161ta u Kola\u0161inu, u koja smo, mi, gra\u0111ani, ulo\u017eili desetine, ako ne stotinu miliona eura, da bi biv\u0161a vlast jedno prakti\u010dno poklonila svom omiljenom \u201ekontroverznom biznismenu\u201c, a drugo, nova, \u201enarodna\u201c vlast, dala na upravljanje svojim nesposobnim i nestru\u010dnim partijskim apart\u010di\u0107ima.<\/p>\n","protected":false},"excerpt":{"rendered":"<p>Ve\u0107 nekoliko puta sam pisao tekstove o skijali\u0161tima i skijanju u Crnoj Gori, ali, evo, uradi\u0107u to opet, jer prosto ne mogu da vjerujem u takvu neorganizovanost i java\u0161luk, a ulo\u017eili smo desetine miliona eura u njih &#8211; na ona u Kola\u0161inu mislim.<\/p>\n","protected":false},"author":12,"featured_media":286086,"comment_status":"open","ping_status":"closed","sticky":false,"template":"","format":"standard","meta":{"_seopress_robots_primary_cat":"none","_seopress_titles_title":"","_seopress_titles_desc":"","_seopress_robots_index":"","_et_pb_use_builder":"","_et_pb_old_content":"","_et_gb_content_width":"","inline_featured_image":false,"footnotes":""},"categories":[17],"tags":[],"class_list":["post-417950","post","type-post","status-publish","format-standard","has-post-thumbnail","hentry","category-blogovi"],"_links":{"self":[{"href":"https:\/\/www.pcnen.com\/portal\/wp-json\/wp\/v2\/posts\/417950","targetHints":{"allow":["GET"]}}],"collection":[{"href":"https:\/\/www.pcnen.com\/portal\/wp-json\/wp\/v2\/posts"}],"about":[{"href":"https:\/\/www.pcnen.com\/portal\/wp-json\/wp\/v2\/types\/post"}],"author":[{"embeddable":true,"href":"https:\/\/www.pcnen.com\/portal\/wp-json\/wp\/v2\/users\/12"}],"replies":[{"embeddable":true,"href":"https:\/\/www.pcnen.com\/portal\/wp-json\/wp\/v2\/comments?post=417950"}],"version-history":[{"count":2,"href":"https:\/\/www.pcnen.com\/portal\/wp-json\/wp\/v2\/posts\/417950\/revisions"}],"predecessor-version":[{"id":417958,"href":"https:\/\/www.pcnen.com\/portal\/wp-json\/wp\/v2\/posts\/417950\/revisions\/417958"}],"wp:featuredmedia":[{"embeddable":true,"href":"https:\/\/www.pcnen.com\/portal\/wp-json\/wp\/v2\/media\/286086"}],"wp:attachment":[{"href":"https:\/\/www.pcnen.com\/portal\/wp-json\/wp\/v2\/media?parent=417950"}],"wp:term":[{"taxonomy":"category","embeddable":true,"href":"https:\/\/www.pcnen.com\/portal\/wp-json\/wp\/v2\/categories?post=417950"},{"taxonomy":"post_tag","embeddable":true,"href":"https:\/\/www.pcnen.com\/portal\/wp-json\/wp\/v2\/tags?post=417950"}],"curies":[{"name":"wp","href":"https:\/\/api.w.org\/{rel}","templated":true}]}}