{"id":41738,"date":"2011-03-04T18:28:53","date_gmt":"2011-03-04T18:28:53","guid":{"rendered":"http:\/\/www.pcnen.com\/portal\/?p=41738"},"modified":"2011-03-04T18:28:53","modified_gmt":"2011-03-04T18:28:53","slug":"generalu-divjaku-produzen-ekstradicioni-pritvor","status":"publish","type":"post","link":"https:\/\/www.pcnen.com\/portal\/2011\/03\/04\/generalu-divjaku-produzen-ekstradicioni-pritvor\/","title":{"rendered":"Generalu Divjaku produ\u017een ekstradicioni pritvor"},"content":{"rendered":"<p>Sud u Austriji je, na osnovu optu\u017enice iz Beograda, konstatovao &quot;dovoljno dokaza o mogu\u0107im ratnim zlo\u010dinima&quot; i odlu\u010dio da penzionisanog ratnog general Armije BiH Jova Divjak, koji je sino\u0107 uhap&scaron;en na be\u010dkom aerodromu, zadr\u017ei u ekstradicionom pritvoru do dono&scaron;enja odluke o izru\u010denju. <\/p>\n<p>Austrija \u0107e sada od Srbije zatra\u017eiti dostavljane svih dokumenata vezanih za ovaj slu\u010daj, na osnovu kojih \u0107e nadle\u017eni sud u Austriji odlu\u010divati o eventualnom izru\u010denju, objasnio je portparol austrijskog Dr\u017eavnog tu\u017eila&scaron;tva.<\/p>\n<p>General Divjak \u0107e u pritvornoj jedinici suda u Korneuburgu ostati do dono&scaron;enja odluke o izru\u010denju, a najmanje dvije sedmice, zvani\u010dno je saop&scaron;teno. <\/p>\n<p>Sud u Korneuburgu je nalo\u017eio Divjakovo hap&scaron;enje na osnovu potjernice iz Beograda, gdje je osumnji\u010den za slu\u010daj <em>Dobrovolja\u010dka, <\/em>kada je ubijeno i ranjeno vi&scaron;e pripadnika tada&scaron;nje JNA.<\/p>\n<p>Tu\u017eila&scaron;tvo BiH je uputilo zahtjev za izru\u010denje Divjaka pravosu\u0111u BiH zbog istrage koja se vodi vezano za doga\u0111aje u Dobrovolja\u010dkoj ulici u Sarajevu. <\/p>\n<p>U Sarajevu su odr\u017eani protesti gra\u0111ana provodom njegovog hap&scaron;nja, a najavljni su i za sjutra. <\/p>\n<p>NVO u BIH i&nbsp; Helsin&scaron;ki odbor Srbije o&scaron;tro su protestovali zbog hap&scaron;enja Divjaka koji&nbsp; je simbol odbrane Sarajeva od srpske agresije tokom rata u Bosni i Hercegovini. <\/p>\n<p>BiH je uputila protesnu notu Srbiji zbog hap&scaron;enja.<\/p>\n","protected":false},"excerpt":{"rendered":"<p>Sud u Austriji je, na osnovu optu\u017enice iz Beograda, konstatovao &quot;dovoljno dokaza o mogu\u0107im ratnim zlo\u010dinima&quot; i odlu\u010dio da penzionisanog ratnog general Armije BiH Jova Divjak, koji je sino\u0107 uhap&scaron;en na be\u010dkom aerodromu, zadr\u017ei u ekstradicionom pritvoru do dono&scaron;enja odluke o izru\u010denju. Austrija \u0107e sada od Srbije zatra\u017eiti dostavljane svih dokumenata vezanih za ovaj slu\u010daj, [&hellip;]<\/p>\n","protected":false},"author":1,"featured_media":0,"comment_status":"open","ping_status":"closed","sticky":false,"template":"","format":"standard","meta":{"_seopress_robots_primary_cat":"","_seopress_titles_title":"","_seopress_titles_desc":"","_seopress_robots_index":"","_et_pb_use_builder":"","_et_pb_old_content":"","_et_gb_content_width":"","inline_featured_image":false,"footnotes":""},"categories":[14],"tags":[],"class_list":["post-41738","post","type-post","status-publish","format-standard","hentry","category-vijesti"],"_links":{"self":[{"href":"https:\/\/www.pcnen.com\/portal\/wp-json\/wp\/v2\/posts\/41738","targetHints":{"allow":["GET"]}}],"collection":[{"href":"https:\/\/www.pcnen.com\/portal\/wp-json\/wp\/v2\/posts"}],"about":[{"href":"https:\/\/www.pcnen.com\/portal\/wp-json\/wp\/v2\/types\/post"}],"author":[{"embeddable":true,"href":"https:\/\/www.pcnen.com\/portal\/wp-json\/wp\/v2\/users\/1"}],"replies":[{"embeddable":true,"href":"https:\/\/www.pcnen.com\/portal\/wp-json\/wp\/v2\/comments?post=41738"}],"version-history":[{"count":0,"href":"https:\/\/www.pcnen.com\/portal\/wp-json\/wp\/v2\/posts\/41738\/revisions"}],"wp:attachment":[{"href":"https:\/\/www.pcnen.com\/portal\/wp-json\/wp\/v2\/media?parent=41738"}],"wp:term":[{"taxonomy":"category","embeddable":true,"href":"https:\/\/www.pcnen.com\/portal\/wp-json\/wp\/v2\/categories?post=41738"},{"taxonomy":"post_tag","embeddable":true,"href":"https:\/\/www.pcnen.com\/portal\/wp-json\/wp\/v2\/tags?post=41738"}],"curies":[{"name":"wp","href":"https:\/\/api.w.org\/{rel}","templated":true}]}}