{"id":41736,"date":"2011-03-04T15:05:08","date_gmt":"2011-03-04T15:05:08","guid":{"rendered":"http:\/\/www.pcnen.com\/portal\/?p=41736"},"modified":"2011-03-04T15:05:08","modified_gmt":"2011-03-04T15:05:08","slug":"nova-optuznica-za-genocid-u-srebrenici","status":"publish","type":"post","link":"https:\/\/www.pcnen.com\/portal\/2011\/03\/04\/nova-optuznica-za-genocid-u-srebrenici\/","title":{"rendered":"Nova optu\u017enica za genocid u Srebrenici"},"content":{"rendered":"<p>Tu\u017eila&scaron;tvo BiH podiglo je optu\u017enicu protiv nekada&scaron;njeg pripadnika Centra za obuku &quot;Jahorina&quot; Ministarstva unutra&scaron;njih poslova Republike Srpske, zbog genocida u Srebrenici.<\/p>\n<p>Bo\u017eidar Kuvelja, zvani Hercegovac, tereti se za u\u010destvovanje u strijeljanju vi&scaron;e od hiljadu zarobljenih mu&scaron;karaca i dje\u010daka bo&scaron;nja\u010dke nacionalnosti tokom jula 1995. godine u Zemljoradni\u010dkoj zadruzi &quot;Kravica&quot; (op&scaron;tina&nbsp; Bratunac). <\/p>\n<p>U optu\u017enici se navodi da je Kuvelja &quot;li\u010dno i direktno, pucaju\u0107i iz pu&scaron;komitraljeza M-84&quot; ubio vi&scaron;e od hiljadu Bo&scaron;njaka zarobljenih nakon pada za&scaron;ti\u0107ene zone Srebrenica u julu 1995. godine.<\/p>\n<p>Tu\u017eila&scaron;tvo BiH tvrdi da je Kuvelja u\u010destvovao i u ubijanju oko 100 Bo&scaron;njaka, koji su nakon &scaron;to su pre\u017eivjeli strijeljanje u &quot;Kravici&quot;, pozivani da iza\u0111u, obe\u0107anjima da \u0107e im se ukazati ljekarska pomo\u0107, prenosi BIRN.<\/p>\n<p>Tu\u017eila&scaron;tvo navodi i da je optu\u017eeni, kao pripadnik Prve \u010dete Centra za obuku Jahorina, u\u010destvovao i u prislinom&nbsp; prikupljanju i transportiranju \u017eena, djece i staraca, prema teritoriji pod kontrolom Armije BiH.<\/p>\n<p>Prema optu\u017enici, Kuvelja je&nbsp; u periodu od 12. do 14. jula 1995. godine, u\u010destvovao i u pretresu ku\u0107a s ciljem sakupljanja bo&scaron;nja\u010dkog stanovni&scaron;tva i provo\u0111enja u bazu UN u Poto\u010darima.<\/p>\n<p>Optu\u017een je i da je nakon toga prisilno odvajao mu&scaron;karce od njihovih porodica, te transportovao \u017eene, djecu i starce iz Poto\u010dara prema teritoriji pod kontrolom Armije RBiH.<\/p>\n<p>Kuvelja je, kako se navodi u optu\u017enici bio pripadnik Prve \u010dete Centra za obuku Jahorina MUP-a RS-a.<\/p>\n","protected":false},"excerpt":{"rendered":"<p>Tu\u017eila&scaron;tvo BiH podiglo je optu\u017enicu protiv nekada&scaron;njeg pripadnika Centra za obuku &quot;Jahorina&quot; Ministarstva unutra&scaron;njih poslova Republike Srpske, zbog genocida u Srebrenici. Bo\u017eidar Kuvelja, zvani Hercegovac, tereti se za u\u010destvovanje u strijeljanju vi&scaron;e od hiljadu zarobljenih mu&scaron;karaca i dje\u010daka bo&scaron;nja\u010dke nacionalnosti tokom jula 1995. godine u Zemljoradni\u010dkoj zadruzi &quot;Kravica&quot; (op&scaron;tina&nbsp; Bratunac). U optu\u017enici se navodi da [&hellip;]<\/p>\n","protected":false},"author":1,"featured_media":0,"comment_status":"open","ping_status":"closed","sticky":false,"template":"","format":"standard","meta":{"_seopress_robots_primary_cat":"","_seopress_titles_title":"","_seopress_titles_desc":"","_seopress_robots_index":"","_et_pb_use_builder":"","_et_pb_old_content":"","_et_gb_content_width":"","inline_featured_image":false,"footnotes":""},"categories":[14],"tags":[],"class_list":["post-41736","post","type-post","status-publish","format-standard","hentry","category-vijesti"],"_links":{"self":[{"href":"https:\/\/www.pcnen.com\/portal\/wp-json\/wp\/v2\/posts\/41736","targetHints":{"allow":["GET"]}}],"collection":[{"href":"https:\/\/www.pcnen.com\/portal\/wp-json\/wp\/v2\/posts"}],"about":[{"href":"https:\/\/www.pcnen.com\/portal\/wp-json\/wp\/v2\/types\/post"}],"author":[{"embeddable":true,"href":"https:\/\/www.pcnen.com\/portal\/wp-json\/wp\/v2\/users\/1"}],"replies":[{"embeddable":true,"href":"https:\/\/www.pcnen.com\/portal\/wp-json\/wp\/v2\/comments?post=41736"}],"version-history":[{"count":0,"href":"https:\/\/www.pcnen.com\/portal\/wp-json\/wp\/v2\/posts\/41736\/revisions"}],"wp:attachment":[{"href":"https:\/\/www.pcnen.com\/portal\/wp-json\/wp\/v2\/media?parent=41736"}],"wp:term":[{"taxonomy":"category","embeddable":true,"href":"https:\/\/www.pcnen.com\/portal\/wp-json\/wp\/v2\/categories?post=41736"},{"taxonomy":"post_tag","embeddable":true,"href":"https:\/\/www.pcnen.com\/portal\/wp-json\/wp\/v2\/tags?post=41736"}],"curies":[{"name":"wp","href":"https:\/\/api.w.org\/{rel}","templated":true}]}}