{"id":41733,"date":"2011-03-04T12:02:09","date_gmt":"2011-03-04T12:02:09","guid":{"rendered":"http:\/\/www.pcnen.com\/portal\/?p=41733"},"modified":"2011-03-04T12:02:09","modified_gmt":"2011-03-04T12:02:09","slug":"becici-skup-mladih-iz-srbije-i-sa-kosova","status":"publish","type":"post","link":"https:\/\/www.pcnen.com\/portal\/2011\/03\/04\/becici-skup-mladih-iz-srbije-i-sa-kosova\/","title":{"rendered":"Be\u010di\u0107i: Skup mladih iz Srbije i sa Kosova"},"content":{"rendered":"<p>U Be\u010di\u0107ima danas po\u010dinje trodnevni skup koji organizuje Inicijativa mladih za ljudska prava sa Kosova i iz Srbije. <\/p>\n<p>Tema skupa je &quot;(Ne)sloboda kretanja&quot;, polo\u017eaj albanske manjine u Srbiji i srpske na Kosovu, saradnja mladih, i predrasude koje optere\u0107uju odnose Srba i Albanaca. <\/p>\n<p>Cilj konferencije je da poka\u017ee da je konstruktivan dijalog Beograda i Pri&scaron;tine mogu\u0107 i neophodan, i da stvori nove veze mladih koji \u0107e takav dijalog promovisati.<\/p>\n","protected":false},"excerpt":{"rendered":"<p>U Be\u010di\u0107ima danas po\u010dinje trodnevni skup koji organizuje Inicijativa mladih za ljudska prava sa Kosova i iz Srbije. Tema skupa je &quot;(Ne)sloboda kretanja&quot;, polo\u017eaj albanske manjine u Srbiji i srpske na Kosovu, saradnja mladih, i predrasude koje optere\u0107uju odnose Srba i Albanaca. Cilj konferencije je da poka\u017ee da je konstruktivan dijalog Beograda i Pri&scaron;tine mogu\u0107 [&hellip;]<\/p>\n","protected":false},"author":1,"featured_media":0,"comment_status":"open","ping_status":"closed","sticky":false,"template":"","format":"standard","meta":{"_seopress_robots_primary_cat":"","_seopress_titles_title":"","_seopress_titles_desc":"","_seopress_robots_index":"","_et_pb_use_builder":"","_et_pb_old_content":"","_et_gb_content_width":"","inline_featured_image":false,"footnotes":""},"categories":[14],"tags":[],"class_list":["post-41733","post","type-post","status-publish","format-standard","hentry","category-vijesti"],"_links":{"self":[{"href":"https:\/\/www.pcnen.com\/portal\/wp-json\/wp\/v2\/posts\/41733","targetHints":{"allow":["GET"]}}],"collection":[{"href":"https:\/\/www.pcnen.com\/portal\/wp-json\/wp\/v2\/posts"}],"about":[{"href":"https:\/\/www.pcnen.com\/portal\/wp-json\/wp\/v2\/types\/post"}],"author":[{"embeddable":true,"href":"https:\/\/www.pcnen.com\/portal\/wp-json\/wp\/v2\/users\/1"}],"replies":[{"embeddable":true,"href":"https:\/\/www.pcnen.com\/portal\/wp-json\/wp\/v2\/comments?post=41733"}],"version-history":[{"count":0,"href":"https:\/\/www.pcnen.com\/portal\/wp-json\/wp\/v2\/posts\/41733\/revisions"}],"wp:attachment":[{"href":"https:\/\/www.pcnen.com\/portal\/wp-json\/wp\/v2\/media?parent=41733"}],"wp:term":[{"taxonomy":"category","embeddable":true,"href":"https:\/\/www.pcnen.com\/portal\/wp-json\/wp\/v2\/categories?post=41733"},{"taxonomy":"post_tag","embeddable":true,"href":"https:\/\/www.pcnen.com\/portal\/wp-json\/wp\/v2\/tags?post=41733"}],"curies":[{"name":"wp","href":"https:\/\/api.w.org\/{rel}","templated":true}]}}