{"id":41731,"date":"2011-03-04T11:11:02","date_gmt":"2011-03-04T11:11:02","guid":{"rendered":"http:\/\/www.pcnen.com\/portal\/?p=41731"},"modified":"2011-03-04T11:11:02","modified_gmt":"2011-03-04T11:11:02","slug":"file-pocetak-pregovora-bice-odreden-na-jesen","status":"publish","type":"post","link":"https:\/\/www.pcnen.com\/portal\/2011\/03\/04\/file-pocetak-pregovora-bice-odreden-na-jesen\/","title":{"rendered":"File: Po\u010detak pregovora bi\u0107e odre\u0111en na jesen"},"content":{"rendered":"<p>Crnoj Gori \u0107e datum za po\u010detak pregovora biti odre\u0111en na jesen, rekao je evropski komesar za pro&scaron;irenje &Scaron;tefan File.<\/p>\n<p>&quot;Vjerujemo da \u0107e ispuniti sedam uslova koje je pred nju postavila Evropska komisija&quot;, &nbsp;kazao je File za Pobjedu.<\/p>\n<p>Na pitanje kako procjenjuje evropsku perspektivu Crne Gore, File je kazao da ta dr\u017eava ve\u0107 dokazuje da \u0107e odraditi posao.<\/p>\n<p>&quot;Ukoliko ispunite sedam kriterijuma EK \u0107e znati to da cijeni, kao i do sada. Nemojte da brinete, va&scaron; napredak \u0107e biti po&scaron;teno vrednovan u Izvje&scaron;taju EK&quot;, kazao je File.<\/p>\n","protected":false},"excerpt":{"rendered":"<p>Crnoj Gori \u0107e datum za po\u010detak pregovora biti odre\u0111en na jesen, rekao je evropski komesar za pro&scaron;irenje &Scaron;tefan File. &quot;Vjerujemo da \u0107e ispuniti sedam uslova koje je pred nju postavila Evropska komisija&quot;, &nbsp;kazao je File za Pobjedu. Na pitanje kako procjenjuje evropsku perspektivu Crne Gore, File je kazao da ta dr\u017eava ve\u0107 dokazuje da \u0107e [&hellip;]<\/p>\n","protected":false},"author":1,"featured_media":0,"comment_status":"open","ping_status":"closed","sticky":false,"template":"","format":"standard","meta":{"_seopress_robots_primary_cat":"","_seopress_titles_title":"","_seopress_titles_desc":"","_seopress_robots_index":"","_et_pb_use_builder":"","_et_pb_old_content":"","_et_gb_content_width":"","inline_featured_image":false,"footnotes":""},"categories":[14],"tags":[],"class_list":["post-41731","post","type-post","status-publish","format-standard","hentry","category-vijesti"],"_links":{"self":[{"href":"https:\/\/www.pcnen.com\/portal\/wp-json\/wp\/v2\/posts\/41731","targetHints":{"allow":["GET"]}}],"collection":[{"href":"https:\/\/www.pcnen.com\/portal\/wp-json\/wp\/v2\/posts"}],"about":[{"href":"https:\/\/www.pcnen.com\/portal\/wp-json\/wp\/v2\/types\/post"}],"author":[{"embeddable":true,"href":"https:\/\/www.pcnen.com\/portal\/wp-json\/wp\/v2\/users\/1"}],"replies":[{"embeddable":true,"href":"https:\/\/www.pcnen.com\/portal\/wp-json\/wp\/v2\/comments?post=41731"}],"version-history":[{"count":0,"href":"https:\/\/www.pcnen.com\/portal\/wp-json\/wp\/v2\/posts\/41731\/revisions"}],"wp:attachment":[{"href":"https:\/\/www.pcnen.com\/portal\/wp-json\/wp\/v2\/media?parent=41731"}],"wp:term":[{"taxonomy":"category","embeddable":true,"href":"https:\/\/www.pcnen.com\/portal\/wp-json\/wp\/v2\/categories?post=41731"},{"taxonomy":"post_tag","embeddable":true,"href":"https:\/\/www.pcnen.com\/portal\/wp-json\/wp\/v2\/tags?post=41731"}],"curies":[{"name":"wp","href":"https:\/\/api.w.org\/{rel}","templated":true}]}}