{"id":41728,"date":"2011-03-04T10:39:05","date_gmt":"2011-03-04T10:39:05","guid":{"rendered":"http:\/\/www.pcnen.com\/portal\/?p=41728"},"modified":"2011-03-04T10:39:05","modified_gmt":"2011-03-04T10:39:05","slug":"odgovor-cpc-u-sljedece-sedmice","status":"publish","type":"post","link":"https:\/\/www.pcnen.com\/portal\/2011\/03\/04\/odgovor-cpc-u-sljedece-sedmice\/","title":{"rendered":"Odgovor CPC-u sljede\u0107e sedmice"},"content":{"rendered":"<p>Gradona\u010delnik Cetinja Aleksandar Bogdanovi\u0107 najavio je u razgovoru za <em>Dan<\/em> da \u0107e naredne sedmice odgovoriti na zahtjev Crnogorske pravoslavne crkve za kori&scaron;\u0107enje Cetinjskog manastira. <\/p>\n<p>Bogdanovi\u0107 nije \u017eelio da otkrije detalje odgovora nagla&scaron;avaju\u0107i da to ne mo\u017ee u\u010diniti prije nego &scaron;to o tom obavijesti onoga ko je ispostavio zahtjev.<\/p>\n<p>&quot;Odgovor je u pripremi. Istog dana kada bude upu\u0107en CPC-u bi\u0107e stavljen na uvid javnosti, jer naprosto je prirodno da ne mo\u017eemo obavijestiti medije prije nego onoga ko je ispostavio zahtjev&quot;, rekao je Bogdanovi\u0107.<\/p>\n","protected":false},"excerpt":{"rendered":"<p>Gradona\u010delnik Cetinja Aleksandar Bogdanovi\u0107 najavio je u razgovoru za Dan da \u0107e naredne sedmice odgovoriti na zahtjev Crnogorske pravoslavne crkve za kori&scaron;\u0107enje Cetinjskog manastira. Bogdanovi\u0107 nije \u017eelio da otkrije detalje odgovora nagla&scaron;avaju\u0107i da to ne mo\u017ee u\u010diniti prije nego &scaron;to o tom obavijesti onoga ko je ispostavio zahtjev. &quot;Odgovor je u pripremi. Istog dana kada [&hellip;]<\/p>\n","protected":false},"author":1,"featured_media":0,"comment_status":"open","ping_status":"closed","sticky":false,"template":"","format":"standard","meta":{"_seopress_robots_primary_cat":"","_seopress_titles_title":"","_seopress_titles_desc":"","_seopress_robots_index":"","_et_pb_use_builder":"","_et_pb_old_content":"","_et_gb_content_width":"","inline_featured_image":false,"footnotes":""},"categories":[14],"tags":[],"class_list":["post-41728","post","type-post","status-publish","format-standard","hentry","category-vijesti"],"_links":{"self":[{"href":"https:\/\/www.pcnen.com\/portal\/wp-json\/wp\/v2\/posts\/41728","targetHints":{"allow":["GET"]}}],"collection":[{"href":"https:\/\/www.pcnen.com\/portal\/wp-json\/wp\/v2\/posts"}],"about":[{"href":"https:\/\/www.pcnen.com\/portal\/wp-json\/wp\/v2\/types\/post"}],"author":[{"embeddable":true,"href":"https:\/\/www.pcnen.com\/portal\/wp-json\/wp\/v2\/users\/1"}],"replies":[{"embeddable":true,"href":"https:\/\/www.pcnen.com\/portal\/wp-json\/wp\/v2\/comments?post=41728"}],"version-history":[{"count":0,"href":"https:\/\/www.pcnen.com\/portal\/wp-json\/wp\/v2\/posts\/41728\/revisions"}],"wp:attachment":[{"href":"https:\/\/www.pcnen.com\/portal\/wp-json\/wp\/v2\/media?parent=41728"}],"wp:term":[{"taxonomy":"category","embeddable":true,"href":"https:\/\/www.pcnen.com\/portal\/wp-json\/wp\/v2\/categories?post=41728"},{"taxonomy":"post_tag","embeddable":true,"href":"https:\/\/www.pcnen.com\/portal\/wp-json\/wp\/v2\/tags?post=41728"}],"curies":[{"name":"wp","href":"https:\/\/api.w.org\/{rel}","templated":true}]}}