{"id":41726,"date":"2011-03-03T22:06:13","date_gmt":"2011-03-03T22:06:13","guid":{"rendered":"http:\/\/www.pcnen.com\/portal\/?p=41726"},"modified":"2011-03-03T22:06:13","modified_gmt":"2011-03-03T22:06:13","slug":"povratak-izbjeglih-medu-najvecim-problemima-zapadnog-balkana","status":"publish","type":"post","link":"https:\/\/www.pcnen.com\/portal\/2011\/03\/03\/povratak-izbjeglih-medu-najvecim-problemima-zapadnog-balkana\/","title":{"rendered":"Povratak izbjeglih me\u0111u najve\u0107im problemima Zapadnog Balkana"},"content":{"rendered":"<p>Povratak izbjeglih i raseljenih i restitucija njihovih prava je jedan od najzao&scaron;trenijih problema na Zapadnom Balkanu, izjavio je danas stalni predstavnik Rusije pri Organizaciji za evropsku bezbijednost i saradnju (OEBS) Anvar Azimov na sjednici Stalnog savjeta OEBS-a u vezi sa podnijetim izvje&scaron;tajem &scaron;efa Misije OEBS u Srbiji Dimitriosa Kipreosa.<\/p>\n<p>&quot;Rje&scaron;avanje problema izbjeglih i raseljenih lica je klju\u010dno za stabilnost i razvoj regiona&quot;, rekao je Azimov, prenijela je agencija Itar-Tass.<\/p>\n<p>Prema re\u010dima ruskog diplomate, takva prekograni\u010dna pitanja neophodno je rje&scaron;avati u okviru regionalnih napora, na osnovu zajedni\u010dkih aktivnosti misija OEBS na Zapadnom Balkanu, uz obaveznu ekspertizu Uprave Visokog komesara UN za izbjeglice, prenosi Tanjug.<\/p>\n<p>Pritom, institucije OEBS, uklju\u010duju\u0107i Visokog komesara za pitanja nacionalnih manjina, treba da svoju djelatnost usredsrede na problemati\u010dne pravce, prije svega na Kosovo, gdje je situacija sa pravima nacionalnih zajednica jedan od najte\u017eih na prostoru OEBS-a, rekao je Azimov.<\/p>\n","protected":false},"excerpt":{"rendered":"<p>Povratak izbjeglih i raseljenih i restitucija njihovih prava je jedan od najzao&scaron;trenijih problema na Zapadnom Balkanu, izjavio je danas stalni predstavnik Rusije pri Organizaciji za evropsku bezbijednost i saradnju (OEBS) Anvar Azimov na sjednici Stalnog savjeta OEBS-a u vezi sa podnijetim izvje&scaron;tajem &scaron;efa Misije OEBS u Srbiji Dimitriosa Kipreosa. &quot;Rje&scaron;avanje problema izbjeglih i raseljenih lica [&hellip;]<\/p>\n","protected":false},"author":1,"featured_media":0,"comment_status":"open","ping_status":"closed","sticky":false,"template":"","format":"standard","meta":{"_seopress_robots_primary_cat":"","_seopress_titles_title":"","_seopress_titles_desc":"","_seopress_robots_index":"","_et_pb_use_builder":"","_et_pb_old_content":"","_et_gb_content_width":"","inline_featured_image":false,"footnotes":""},"categories":[14],"tags":[],"class_list":["post-41726","post","type-post","status-publish","format-standard","hentry","category-vijesti"],"_links":{"self":[{"href":"https:\/\/www.pcnen.com\/portal\/wp-json\/wp\/v2\/posts\/41726","targetHints":{"allow":["GET"]}}],"collection":[{"href":"https:\/\/www.pcnen.com\/portal\/wp-json\/wp\/v2\/posts"}],"about":[{"href":"https:\/\/www.pcnen.com\/portal\/wp-json\/wp\/v2\/types\/post"}],"author":[{"embeddable":true,"href":"https:\/\/www.pcnen.com\/portal\/wp-json\/wp\/v2\/users\/1"}],"replies":[{"embeddable":true,"href":"https:\/\/www.pcnen.com\/portal\/wp-json\/wp\/v2\/comments?post=41726"}],"version-history":[{"count":0,"href":"https:\/\/www.pcnen.com\/portal\/wp-json\/wp\/v2\/posts\/41726\/revisions"}],"wp:attachment":[{"href":"https:\/\/www.pcnen.com\/portal\/wp-json\/wp\/v2\/media?parent=41726"}],"wp:term":[{"taxonomy":"category","embeddable":true,"href":"https:\/\/www.pcnen.com\/portal\/wp-json\/wp\/v2\/categories?post=41726"},{"taxonomy":"post_tag","embeddable":true,"href":"https:\/\/www.pcnen.com\/portal\/wp-json\/wp\/v2\/tags?post=41726"}],"curies":[{"name":"wp","href":"https:\/\/api.w.org\/{rel}","templated":true}]}}