{"id":41711,"date":"2011-03-02T22:49:27","date_gmt":"2011-03-02T22:49:27","guid":{"rendered":"http:\/\/www.pcnen.com\/portal\/?p=41711"},"modified":"2011-03-02T22:49:27","modified_gmt":"2011-03-02T22:49:27","slug":"protesti-u-zagrebu-i-splitu","status":"publish","type":"post","link":"https:\/\/www.pcnen.com\/portal\/2011\/03\/02\/protesti-u-zagrebu-i-splitu\/","title":{"rendered":"Protesti u Zagrebu i Splitu"},"content":{"rendered":"<p>Oko 5000 demonstranata okupilo se ve\u010deras u Zagrebu na jo&scaron; jednom u nizu antivladinih protesta organizovanih preko dru&scaron;tvene mre\u017ee Fejsbuk.<\/p>\n<p>U\u010desnici dana&scaron;njeg antivladinog protesta odustali su od ideje za protestuju pred zgradom Hrvatske radio-televizije i vratili su se u centar grada, gdje su skinuli, pocijepali i spalili zastavu ispred zagreba\u010dkog komiteta HDZ-a. Zapaljene su i zastave SDP-a i EU.<\/p>\n<p>Ispred zgrade HDZ-a demonstranti su uzvikivali &quot;HDZ odlazi!&quot;, &quot;Lopovi, Lopovi!&quot; i &quot;Ho\u0107emo izbore!&quot;.<\/p>\n<p>Protestna kolona uzvikivala je &quot;Ostavka!&quot;, &quot;Jaco odlazi!&quot;, &quot;Svi na ulice!&quot;, &quot;Mafija, mafija!&quot;.<\/p>\n<p>Oko tri stotine Spli\u0107ana protestovalo je ve\u010deras na splitskoj rivi. Demonstranti, koji su se odazvali pozivu za antivladine proteste upu\u0107enom preko dru&scaron;tvene mre\u017ee Fejsbuk, skandirali su protiv hrvatske premijerke Jadranke Kosor i HDZ-a. <\/p>\n<p>Organizatori ka\u017eu da im je ovo prvi protest u nizu, a za subotu u 18.00 \u010dasova najavili su novi. Oni su pozvali radnice &quot;Uzora&quot;, radnike &quot;Dalmacijavina&quot;, penzionere i demobilisane borce da im se prodru\u017ee..<\/p>\n","protected":false},"excerpt":{"rendered":"<p>Oko 5000 demonstranata okupilo se ve\u010deras u Zagrebu na jo&scaron; jednom u nizu antivladinih protesta organizovanih preko dru&scaron;tvene mre\u017ee Fejsbuk. U\u010desnici dana&scaron;njeg antivladinog protesta odustali su od ideje za protestuju pred zgradom Hrvatske radio-televizije i vratili su se u centar grada, gdje su skinuli, pocijepali i spalili zastavu ispred zagreba\u010dkog komiteta HDZ-a. Zapaljene su i [&hellip;]<\/p>\n","protected":false},"author":1,"featured_media":0,"comment_status":"open","ping_status":"closed","sticky":false,"template":"","format":"standard","meta":{"_seopress_robots_primary_cat":"","_seopress_titles_title":"","_seopress_titles_desc":"","_seopress_robots_index":"","_et_pb_use_builder":"","_et_pb_old_content":"","_et_gb_content_width":"","inline_featured_image":false,"footnotes":""},"categories":[14],"tags":[],"class_list":["post-41711","post","type-post","status-publish","format-standard","hentry","category-vijesti"],"_links":{"self":[{"href":"https:\/\/www.pcnen.com\/portal\/wp-json\/wp\/v2\/posts\/41711","targetHints":{"allow":["GET"]}}],"collection":[{"href":"https:\/\/www.pcnen.com\/portal\/wp-json\/wp\/v2\/posts"}],"about":[{"href":"https:\/\/www.pcnen.com\/portal\/wp-json\/wp\/v2\/types\/post"}],"author":[{"embeddable":true,"href":"https:\/\/www.pcnen.com\/portal\/wp-json\/wp\/v2\/users\/1"}],"replies":[{"embeddable":true,"href":"https:\/\/www.pcnen.com\/portal\/wp-json\/wp\/v2\/comments?post=41711"}],"version-history":[{"count":0,"href":"https:\/\/www.pcnen.com\/portal\/wp-json\/wp\/v2\/posts\/41711\/revisions"}],"wp:attachment":[{"href":"https:\/\/www.pcnen.com\/portal\/wp-json\/wp\/v2\/media?parent=41711"}],"wp:term":[{"taxonomy":"category","embeddable":true,"href":"https:\/\/www.pcnen.com\/portal\/wp-json\/wp\/v2\/categories?post=41711"},{"taxonomy":"post_tag","embeddable":true,"href":"https:\/\/www.pcnen.com\/portal\/wp-json\/wp\/v2\/tags?post=41711"}],"curies":[{"name":"wp","href":"https:\/\/api.w.org\/{rel}","templated":true}]}}