{"id":41710,"date":"2011-03-02T22:09:23","date_gmt":"2011-03-02T22:09:23","guid":{"rendered":"http:\/\/www.pcnen.com\/portal\/?p=41710"},"modified":"2011-03-02T22:09:23","modified_gmt":"2011-03-02T22:09:23","slug":"uhapsen-ivo-menzalin","status":"publish","type":"post","link":"https:\/\/www.pcnen.com\/portal\/2011\/03\/02\/uhapsen-ivo-menzalin\/","title":{"rendered":"Uhap\u0161en Ivo Menzalin"},"content":{"rendered":"<p>Ve\u010deras je na aerodromu Golubovci uhap&scaron;en Ivo D. Menzalin (58) iz Kotora, optu\u017een za krivi\u010dno djelo ratnog zlo\u010dina protiv civilnog stanovni&scaron;tva, saop&scaron;tila je <a href=\"http:\/\/www.upravapolicije.com\/uprava_policije_uhapsen-ivo-menzalin_5029.html\">Uprava policije<\/a>.<\/p>\n<p>Menzalinu se stavlja na teret da je u periodu od 03. oktobra 1991. do 18. avgusta 1992. godine, za vrijeme oru\u017eanog sukoba u Hvratskoj, kao pripadnik rezervnog sastava JNA, kr&scaron;e\u0107i pravila me\u0111unarodnog prava, vr&scaron;io mu\u010denje, ne\u010dovje\u010dno postupanje, nano&scaron;enje velikih patnji i povreda tjelesnog integriteta prema ratnim zarobljenicima i civilima, koji su u Centar za prihvat zarobljenika u Morinju dovo\u0111eni sa dubrova\u010dkog podru\u010dja. <\/p>\n<p>Menzalin je li&scaron;en slobode neposredno po&scaron;to je avionom doletio iz Beograda. <\/p>\n<p>NCB Interpol Podgorica raspisao je za Menzalinom me\u0111unarodnu potjernicu po nalogu Vi&scaron;eg suda u Podgorici zbog krivi\u010dnog djela ratni zlo\u010din protiv civilnog stanovni&scaron;tva u sticaju sa krivi\u010dnim djelom ratni zlo\u010din protiv ratnih zarobljenika.<\/p>\n","protected":false},"excerpt":{"rendered":"<p>Ve\u010deras je na aerodromu Golubovci uhap&scaron;en Ivo D. Menzalin (58) iz Kotora, optu\u017een za krivi\u010dno djelo ratnog zlo\u010dina protiv civilnog stanovni&scaron;tva, saop&scaron;tila je Uprava policije. Menzalinu se stavlja na teret da je u periodu od 03. oktobra 1991. do 18. avgusta 1992. godine, za vrijeme oru\u017eanog sukoba u Hvratskoj, kao pripadnik rezervnog sastava JNA, kr&scaron;e\u0107i [&hellip;]<\/p>\n","protected":false},"author":1,"featured_media":0,"comment_status":"open","ping_status":"closed","sticky":false,"template":"","format":"standard","meta":{"_seopress_robots_primary_cat":"","_seopress_titles_title":"","_seopress_titles_desc":"","_seopress_robots_index":"","_et_pb_use_builder":"","_et_pb_old_content":"","_et_gb_content_width":"","inline_featured_image":false,"footnotes":""},"categories":[14],"tags":[],"class_list":["post-41710","post","type-post","status-publish","format-standard","hentry","category-vijesti"],"_links":{"self":[{"href":"https:\/\/www.pcnen.com\/portal\/wp-json\/wp\/v2\/posts\/41710","targetHints":{"allow":["GET"]}}],"collection":[{"href":"https:\/\/www.pcnen.com\/portal\/wp-json\/wp\/v2\/posts"}],"about":[{"href":"https:\/\/www.pcnen.com\/portal\/wp-json\/wp\/v2\/types\/post"}],"author":[{"embeddable":true,"href":"https:\/\/www.pcnen.com\/portal\/wp-json\/wp\/v2\/users\/1"}],"replies":[{"embeddable":true,"href":"https:\/\/www.pcnen.com\/portal\/wp-json\/wp\/v2\/comments?post=41710"}],"version-history":[{"count":0,"href":"https:\/\/www.pcnen.com\/portal\/wp-json\/wp\/v2\/posts\/41710\/revisions"}],"wp:attachment":[{"href":"https:\/\/www.pcnen.com\/portal\/wp-json\/wp\/v2\/media?parent=41710"}],"wp:term":[{"taxonomy":"category","embeddable":true,"href":"https:\/\/www.pcnen.com\/portal\/wp-json\/wp\/v2\/categories?post=41710"},{"taxonomy":"post_tag","embeddable":true,"href":"https:\/\/www.pcnen.com\/portal\/wp-json\/wp\/v2\/tags?post=41710"}],"curies":[{"name":"wp","href":"https:\/\/api.w.org\/{rel}","templated":true}]}}