{"id":41708,"date":"2011-03-02T20:31:51","date_gmt":"2011-03-02T20:31:51","guid":{"rendered":"http:\/\/www.pcnen.com\/portal\/?p=41708"},"modified":"2011-03-02T20:31:51","modified_gmt":"2011-03-02T20:31:51","slug":"luksic-od-sjutra-u-dvodnevnoj-posjeti-briselu","status":"publish","type":"post","link":"https:\/\/www.pcnen.com\/portal\/2011\/03\/02\/luksic-od-sjutra-u-dvodnevnoj-posjeti-briselu\/","title":{"rendered":"Luk\u0161i\u0107 od sjutra u dvodnevnoj posjeti Briselu"},"content":{"rendered":"<p>Predsjednik Vlade Crne Gore Igor Luk&scaron;i\u0107 po\u010dinje sjutra dvodnevnu posjetu Briselu, gdje \u0107e razgovarati sa najvi&scaron;im zvani\u010dnicima EU i NATO.<\/p>\n<p>Luk&scaron;i\u0107 \u0107e sjutra razgovarati sa generalnim sekretarom NATO Andersom Fog Rasmusenom, predsjednicima Savjeta Evrope i Evropske komisije Hermanom Van Rompejom i \u017doze Manuel Barozom i predsjednikom Vlade Belgije Ivom Letermom.<\/p>\n<p>Iz Vlade je saop&scaron;teno da \u0107e Luk&scaron;i\u0107 u Briselu imati i radni ru\u010dak sa ambasadorima zemalja \u010dlanica NATO, \u010diji je organizator Misija Slovenije, u svojstvu kontakt amabasade za saradnju Crne Gore sa tom organizacijom.<\/p>\n<p>Luk&scaron;i\u0107 \u0107e se u petak, 4. marta, sastati sa komesarom za pro&scaron;irenje &Scaron;tefanom Fileom.<\/p>\n<p>Luk&scaron;i\u0107 \u0107e sagovornike upoznati sa de&scaron;avanjima na ekonomskom i politi\u010dkom planu u Crnoj Gori i aktivnostima na sprovo\u0111enju Akcionog plana za ispunjavanje preporuka Evropske komisije, kao i budu\u0107im koracima u pogledu euro-atlantskih integracija koje predstavljaju preduslov za stabilnost i bezbijednost dr\u017eave i regiona.<\/p>\n<p>Luk&scaron;i\u0107u je ovo prva zvani\u010dna posjeta od stupanja na du\u017enost crnogorskog premijera.<\/p>\n","protected":false},"excerpt":{"rendered":"<p>Predsjednik Vlade Crne Gore Igor Luk&scaron;i\u0107 po\u010dinje sjutra dvodnevnu posjetu Briselu, gdje \u0107e razgovarati sa najvi&scaron;im zvani\u010dnicima EU i NATO. Luk&scaron;i\u0107 \u0107e sjutra razgovarati sa generalnim sekretarom NATO Andersom Fog Rasmusenom, predsjednicima Savjeta Evrope i Evropske komisije Hermanom Van Rompejom i \u017doze Manuel Barozom i predsjednikom Vlade Belgije Ivom Letermom. Iz Vlade je saop&scaron;teno da [&hellip;]<\/p>\n","protected":false},"author":1,"featured_media":0,"comment_status":"open","ping_status":"closed","sticky":false,"template":"","format":"standard","meta":{"_seopress_robots_primary_cat":"","_seopress_titles_title":"","_seopress_titles_desc":"","_seopress_robots_index":"","_et_pb_use_builder":"","_et_pb_old_content":"","_et_gb_content_width":"","inline_featured_image":false,"footnotes":""},"categories":[14],"tags":[],"class_list":["post-41708","post","type-post","status-publish","format-standard","hentry","category-vijesti"],"_links":{"self":[{"href":"https:\/\/www.pcnen.com\/portal\/wp-json\/wp\/v2\/posts\/41708","targetHints":{"allow":["GET"]}}],"collection":[{"href":"https:\/\/www.pcnen.com\/portal\/wp-json\/wp\/v2\/posts"}],"about":[{"href":"https:\/\/www.pcnen.com\/portal\/wp-json\/wp\/v2\/types\/post"}],"author":[{"embeddable":true,"href":"https:\/\/www.pcnen.com\/portal\/wp-json\/wp\/v2\/users\/1"}],"replies":[{"embeddable":true,"href":"https:\/\/www.pcnen.com\/portal\/wp-json\/wp\/v2\/comments?post=41708"}],"version-history":[{"count":0,"href":"https:\/\/www.pcnen.com\/portal\/wp-json\/wp\/v2\/posts\/41708\/revisions"}],"wp:attachment":[{"href":"https:\/\/www.pcnen.com\/portal\/wp-json\/wp\/v2\/media?parent=41708"}],"wp:term":[{"taxonomy":"category","embeddable":true,"href":"https:\/\/www.pcnen.com\/portal\/wp-json\/wp\/v2\/categories?post=41708"},{"taxonomy":"post_tag","embeddable":true,"href":"https:\/\/www.pcnen.com\/portal\/wp-json\/wp\/v2\/tags?post=41708"}],"curies":[{"name":"wp","href":"https:\/\/api.w.org\/{rel}","templated":true}]}}