{"id":41707,"date":"2011-03-02T20:24:47","date_gmt":"2011-03-02T20:24:47","guid":{"rendered":"http:\/\/www.pcnen.com\/portal\/?p=41707"},"modified":"2011-03-02T20:24:47","modified_gmt":"2011-03-02T20:24:47","slug":"odgoden-samit-arapske-lige","status":"publish","type":"post","link":"https:\/\/www.pcnen.com\/portal\/2011\/03\/02\/odgoden-samit-arapske-lige\/","title":{"rendered":"Odgo\u0111en samit Arapske lige"},"content":{"rendered":"<p>Godi&scaron;nji samit Arapske lige, koji je trebalo da bude odr\u017ean ovog mjeseca u Bagdadu, odgo\u0111en je za 15. maj zbog nemira u regionu, saop&scaron;tile su danas arapske diplomate.<\/p>\n<p>&quot;Odlu\u010deno je da samit bude odgo\u0111en do kraja maja zbog situacije u regionu&quot;, izjavio je diplomata koji prisustvuje sastanku &scaron;efova diplomatija arapskih zemalja u Kairu, prenosi RSE.<\/p>\n<p>Odluka je donesena u vrijeme demonstracija protiv vlasti u nekoliko dr\u017eava regiona i sukoba u Libiji izme\u0111u snaga lojalnih vo\u0111i Muameru el Gadafiju i njegovih protivnika.<\/p>\n","protected":false},"excerpt":{"rendered":"<p>Godi&scaron;nji samit Arapske lige, koji je trebalo da bude odr\u017ean ovog mjeseca u Bagdadu, odgo\u0111en je za 15. maj zbog nemira u regionu, saop&scaron;tile su danas arapske diplomate. &quot;Odlu\u010deno je da samit bude odgo\u0111en do kraja maja zbog situacije u regionu&quot;, izjavio je diplomata koji prisustvuje sastanku &scaron;efova diplomatija arapskih zemalja u Kairu, prenosi RSE. [&hellip;]<\/p>\n","protected":false},"author":1,"featured_media":0,"comment_status":"open","ping_status":"closed","sticky":false,"template":"","format":"standard","meta":{"_seopress_robots_primary_cat":"","_seopress_titles_title":"","_seopress_titles_desc":"","_seopress_robots_index":"","_et_pb_use_builder":"","_et_pb_old_content":"","_et_gb_content_width":"","inline_featured_image":false,"footnotes":""},"categories":[14],"tags":[],"class_list":["post-41707","post","type-post","status-publish","format-standard","hentry","category-vijesti"],"_links":{"self":[{"href":"https:\/\/www.pcnen.com\/portal\/wp-json\/wp\/v2\/posts\/41707","targetHints":{"allow":["GET"]}}],"collection":[{"href":"https:\/\/www.pcnen.com\/portal\/wp-json\/wp\/v2\/posts"}],"about":[{"href":"https:\/\/www.pcnen.com\/portal\/wp-json\/wp\/v2\/types\/post"}],"author":[{"embeddable":true,"href":"https:\/\/www.pcnen.com\/portal\/wp-json\/wp\/v2\/users\/1"}],"replies":[{"embeddable":true,"href":"https:\/\/www.pcnen.com\/portal\/wp-json\/wp\/v2\/comments?post=41707"}],"version-history":[{"count":0,"href":"https:\/\/www.pcnen.com\/portal\/wp-json\/wp\/v2\/posts\/41707\/revisions"}],"wp:attachment":[{"href":"https:\/\/www.pcnen.com\/portal\/wp-json\/wp\/v2\/media?parent=41707"}],"wp:term":[{"taxonomy":"category","embeddable":true,"href":"https:\/\/www.pcnen.com\/portal\/wp-json\/wp\/v2\/categories?post=41707"},{"taxonomy":"post_tag","embeddable":true,"href":"https:\/\/www.pcnen.com\/portal\/wp-json\/wp\/v2\/tags?post=41707"}],"curies":[{"name":"wp","href":"https:\/\/api.w.org\/{rel}","templated":true}]}}