{"id":41706,"date":"2011-03-02T20:22:41","date_gmt":"2011-03-02T20:22:41","guid":{"rendered":"http:\/\/www.pcnen.com\/portal\/?p=41706"},"modified":"2011-03-02T20:22:41","modified_gmt":"2011-03-02T20:22:41","slug":"albanac-sa-kosova-ubio-dva-americka-vojnika","status":"publish","type":"post","link":"https:\/\/www.pcnen.com\/portal\/2011\/03\/02\/albanac-sa-kosova-ubio-dva-americka-vojnika\/","title":{"rendered":"Albanac sa Kosova ubio dva ameri\u010dka vojnika"},"content":{"rendered":"<p>Komanda Ratnog vazduhoplovstva SAD za Evropu je potvrdila da su dvojica pripadnika tih snaga danas poginula u oru\u017eanom napadu na aerodromu u Frankfurtu, a dvojica su ranjena, javile su agencije.<\/p>\n<p>Napad je izvr&scaron;io Arif Uka (21) sa Kosova koji je priveden, javila je agencija DPA.<\/p>\n<p>Kosovski ministar unutra&scaron;njih poslova Bajram Red\u017eepi rekao je da je napada\u010d iz Kosovske Mitrovice.<\/p>\n<p>Njema\u010dka policija je saop&scaron;tila da je napad izveden na autobus ameri\u010dkog vojnog osoblja na Terminalu 2 aerodroma u Frankfurtu. Poginuli su voza\u010d autobusa i jedan putnik, tre\u0107a osoba je te&scaron;ko ranjena, a \u010detvrta lak&scaron;e. <\/p>\n","protected":false},"excerpt":{"rendered":"<p>Komanda Ratnog vazduhoplovstva SAD za Evropu je potvrdila da su dvojica pripadnika tih snaga danas poginula u oru\u017eanom napadu na aerodromu u Frankfurtu, a dvojica su ranjena, javile su agencije. Napad je izvr&scaron;io Arif Uka (21) sa Kosova koji je priveden, javila je agencija DPA. Kosovski ministar unutra&scaron;njih poslova Bajram Red\u017eepi rekao je da je [&hellip;]<\/p>\n","protected":false},"author":1,"featured_media":0,"comment_status":"open","ping_status":"closed","sticky":false,"template":"","format":"standard","meta":{"_seopress_robots_primary_cat":"","_seopress_titles_title":"","_seopress_titles_desc":"","_seopress_robots_index":"","_et_pb_use_builder":"","_et_pb_old_content":"","_et_gb_content_width":"","inline_featured_image":false,"footnotes":""},"categories":[14],"tags":[],"class_list":["post-41706","post","type-post","status-publish","format-standard","hentry","category-vijesti"],"_links":{"self":[{"href":"https:\/\/www.pcnen.com\/portal\/wp-json\/wp\/v2\/posts\/41706","targetHints":{"allow":["GET"]}}],"collection":[{"href":"https:\/\/www.pcnen.com\/portal\/wp-json\/wp\/v2\/posts"}],"about":[{"href":"https:\/\/www.pcnen.com\/portal\/wp-json\/wp\/v2\/types\/post"}],"author":[{"embeddable":true,"href":"https:\/\/www.pcnen.com\/portal\/wp-json\/wp\/v2\/users\/1"}],"replies":[{"embeddable":true,"href":"https:\/\/www.pcnen.com\/portal\/wp-json\/wp\/v2\/comments?post=41706"}],"version-history":[{"count":0,"href":"https:\/\/www.pcnen.com\/portal\/wp-json\/wp\/v2\/posts\/41706\/revisions"}],"wp:attachment":[{"href":"https:\/\/www.pcnen.com\/portal\/wp-json\/wp\/v2\/media?parent=41706"}],"wp:term":[{"taxonomy":"category","embeddable":true,"href":"https:\/\/www.pcnen.com\/portal\/wp-json\/wp\/v2\/categories?post=41706"},{"taxonomy":"post_tag","embeddable":true,"href":"https:\/\/www.pcnen.com\/portal\/wp-json\/wp\/v2\/tags?post=41706"}],"curies":[{"name":"wp","href":"https:\/\/api.w.org\/{rel}","templated":true}]}}