{"id":41675,"date":"2011-03-01T11:36:43","date_gmt":"2011-03-01T11:36:43","guid":{"rendered":"http:\/\/www.pcnen.com\/portal\/?p=41675"},"modified":"2011-03-01T11:36:43","modified_gmt":"2011-03-01T11:36:43","slug":"u-podne-strajk-zeljezaraca","status":"publish","type":"post","link":"https:\/\/www.pcnen.com\/portal\/2011\/03\/01\/u-podne-strajk-zeljezaraca\/","title":{"rendered":"U podne \u0161trajk \u017deljezaraca"},"content":{"rendered":"<p>Radnici nik&scaron;i\u0107ke \u017deljezare u podne po\u010dinju &scaron;trajk, nakon &scaron;to je &nbsp;Sindikat fabrike odbio ponudu uprave da se radnicima sredinom marta isplati jedna od tri zaostale zarade. <\/p>\n<p>Predsjednik Sindikata Janko Vu\u010dini\u0107 kazao je da isplata samo jedne zarade ne bi zna\u010dila ni&scaron;ta u situaciji u koju su dovedeni radnici, kao i da su izgubili povjerenje u obe\u0107anja vlasnika, kompanije <em>Montenegro spe&scaron;lti stils<\/em>. <\/p>\n<p>Podr&scaron;ku \u017deljezarcima najavili su zaposleni u njenim nekada&scaron;njim pogonima Radventu i Tehnostilu. <\/p>\n","protected":false},"excerpt":{"rendered":"<p>Radnici nik&scaron;i\u0107ke \u017deljezare u podne po\u010dinju &scaron;trajk, nakon &scaron;to je &nbsp;Sindikat fabrike odbio ponudu uprave da se radnicima sredinom marta isplati jedna od tri zaostale zarade. Predsjednik Sindikata Janko Vu\u010dini\u0107 kazao je da isplata samo jedne zarade ne bi zna\u010dila ni&scaron;ta u situaciji u koju su dovedeni radnici, kao i da su izgubili povjerenje u [&hellip;]<\/p>\n","protected":false},"author":1,"featured_media":0,"comment_status":"open","ping_status":"closed","sticky":false,"template":"","format":"standard","meta":{"_seopress_robots_primary_cat":"","_seopress_titles_title":"","_seopress_titles_desc":"","_seopress_robots_index":"","_et_pb_use_builder":"","_et_pb_old_content":"","_et_gb_content_width":"","inline_featured_image":false,"footnotes":""},"categories":[14],"tags":[],"class_list":["post-41675","post","type-post","status-publish","format-standard","hentry","category-vijesti"],"_links":{"self":[{"href":"https:\/\/www.pcnen.com\/portal\/wp-json\/wp\/v2\/posts\/41675","targetHints":{"allow":["GET"]}}],"collection":[{"href":"https:\/\/www.pcnen.com\/portal\/wp-json\/wp\/v2\/posts"}],"about":[{"href":"https:\/\/www.pcnen.com\/portal\/wp-json\/wp\/v2\/types\/post"}],"author":[{"embeddable":true,"href":"https:\/\/www.pcnen.com\/portal\/wp-json\/wp\/v2\/users\/1"}],"replies":[{"embeddable":true,"href":"https:\/\/www.pcnen.com\/portal\/wp-json\/wp\/v2\/comments?post=41675"}],"version-history":[{"count":0,"href":"https:\/\/www.pcnen.com\/portal\/wp-json\/wp\/v2\/posts\/41675\/revisions"}],"wp:attachment":[{"href":"https:\/\/www.pcnen.com\/portal\/wp-json\/wp\/v2\/media?parent=41675"}],"wp:term":[{"taxonomy":"category","embeddable":true,"href":"https:\/\/www.pcnen.com\/portal\/wp-json\/wp\/v2\/categories?post=41675"},{"taxonomy":"post_tag","embeddable":true,"href":"https:\/\/www.pcnen.com\/portal\/wp-json\/wp\/v2\/tags?post=41675"}],"curies":[{"name":"wp","href":"https:\/\/api.w.org\/{rel}","templated":true}]}}