{"id":415330,"date":"2024-10-25T13:09:36","date_gmt":"2024-10-25T11:09:36","guid":{"rendered":"https:\/\/www.pcnen.com\/portal\/?p=415330"},"modified":"2024-10-26T12:56:58","modified_gmt":"2024-10-26T10:56:58","slug":"genocid-zapadna-vrijednost","status":"publish","type":"post","link":"https:\/\/www.pcnen.com\/portal\/2024\/10\/25\/genocid-zapadna-vrijednost\/","title":{"rendered":"Genocid &#8211; zapadna vrijednost"},"content":{"rendered":"<blockquote><p><strong>Pi\u0161e: Omer \u0160arki\u0107<\/strong><\/p><\/blockquote>\n<p>Ve\u0107 du\u017ee od godinu traje najtransparetniji genocid i etni\u010dko \u010di\u0161\u0107enje u ljudskoj istoriji. Gledamo ga u\u017eivo, uprkos poku\u0161ajima mejnstrim medija da ga sakriju, umanje ili \u010dak opravdaju. Onaj nad Jevrejima u II svjetskom ratu je bio vje\u0161to skrivan, a mogao se skrivati jer tada nije bilo sada\u0161njih sredstava komunikacije &#8211; mobilnih telefona prije svega &#8211; koji su ujedno i kamere, i zato je genocid koji traje mogu\u0107e ve\u0107i poraz \u010dovje\u010danstva od onog nad Jevrejima, potpuni krah i demistifikacija tzv. \u201ezapadnih vrijednosti\u201c.<\/p>\n<p>Za ne\u0161to du\u017ee od godinu dana svjedo\u010dili smo ubijanju najve\u0107eg broja novinara u nekom sukobu, njih 175, od strane samo jedne strane &#8211; izraelske okupacione vojske \u2013 bez reakcije tzv. me\u0111unarodne javnosti i zajednice, politi\u010dkim i vojnim napadima na predstavnike, predstavni\u0161tva i agencije UN u okupiranoj i potpuno razorenoj Gazi, zabranama stranim novinarima da uop\u0161te u\u0111u u nju (izvje\u0161taje iz Gaze nam prenose uglavnom domicilni novinari); bombardovanju i razaranju kakva nijesu zabilje\u017eena od II svjetskog rata na tako maloj i toliko gusto naseljenoj teritoriji, ubistvu vi\u0161e od 42.000 ljudi &#8211; uglavnom civila &#8211; od kojih skoro polovine \u017eena i djece &#8211; na teritoriji manjoj od povr\u0161ine Zagreba; bombardovanje i sravnjavanje sa zemljom bolnica, \u0161kola, izbjegli\u010dkih naselja i \u0161atora &#8211; uz iscrpljivanje gla\u0111u i \u017ee\u0111u, stalna preseljenja skoro cijelokupnog stanovni\u0161ta&#8230;<\/p>\n<p>Od po\u010detka tog sukoba, SAD svojim vetom sprje\u010dava sve rezolucije SB<br \/>\n<img loading=\"lazy\" decoding=\"async\" class=\"aligncenter size-full wp-image-415333\" src=\"https:\/\/www.pcnen.com\/portal\/wp-content\/uploads\/2024\/10\/palestina.jpg\" alt=\"palestina\" width=\"480\" height=\"639\" srcset=\"https:\/\/www.pcnen.com\/portal\/wp-content\/uploads\/2024\/10\/palestina.jpg 480w, https:\/\/www.pcnen.com\/portal\/wp-content\/uploads\/2024\/10\/palestina-225x300.jpg 225w\" sizes=\"(max-width: 480px) 100vw, 480px\" \/><br \/>\nUN koje pozivaju na prestanak genocida, zajedno sa svojim genocidnim \u010dedom javno prijete generalnom sekretaru UN Gutere\u0161u, Me\u0111unarodnom sudu pravde&#8230;<\/p>\n<p>Kompletan Zapad na \u010delu sa \u201ecarstvom demokratije\u201c \u2013 SAD, daje punu i neograni\u010denu vojnu, politi\u010dku i propagandnu pomo\u0107 okupatoru. Mejnstrim mediji koji su svi pod njihovom kontrolom bezuspje\u0161no poku\u0161avaju sakriti najtransparentniji i jedan od najjezivijih genocida u ljudskoj istoriji: la\u017enim izvje\u0161tavanjem, pre\u0107utkivanjem, mijenjanjem pojmova, gebelsovskom propagandom u korist onih koji sprovode genocid i njihovih mentora \u2013 SAD i kolektivnog Zapada. U njihovim izvje\u0161tajima okupatorska vojska koja ima silu i vojnu tehniku proporcionalno ve\u0107u nego \u0161to je imala nacisti\u010dka Njema\u010dka za vrijeme II svjetskog rata u odnosu nad tada gerilskim pokretima otpora naziva se odbrambenom, a pokreti otpora teroristi\u010dkim, militantnim, islamisti\u010dkim.<\/p>\n<p>Gaza je \u2013 \u0161to sam ve\u0107 negdje napisao, replika Var\u0161avskog geta. Mjesto gdje su zato\u010denici \u201ejedan na vrh drugog\u201c, opasani zidinama, vojskom, nadzornim kamerama i dronovima (\u010dega u Var\u0161avskom getu nije bilo), u kojem se ne mo\u017ee u\u0107i niti iza\u0107i bez \u201eausvajsa\u201c i strogih kontrola, gdje su se dozirano i prije teku\u0107eg genocida, doturala hrana, ljekovi, elektri\u010dna energija, a gdje je okupator mogao u\u0107i kada ho\u0107e, uhapsiti ili ubiti koga ho\u0107e. Zamislite da neko nazove oru\u017eanu pobunu u Vra\u0161avskom getu jevrejskim terorizmom, a Njema\u010dku odmazdu nad njima pravom Njema\u010dke da se brani \u2013 kako nam kolektivni Zapad na \u010delu sa SAD predstavlja Palestince i njihov o\u010dajni\u010dki, samoubila\u010dki poku\u0161aj da prekinu svoju decenijsku patnju u logoru zvanom Gaza!?<\/p>\n<p>Kolektivni Zapad na \u010delu sa SAD, osim \u0161to politi\u010dki i propagandno stoji iza genocida nad Palestincima, \u0161alje maksimalnu vojnu pomo\u0107 nesrazmjerno naoru\u017eanom okupatoru, daju\u0107i mu tako konkretna sredstva da svoj genocidni naum i etni\u010dko \u010di\u0161\u0107enjeu u potpunosti ostvari. Ciklon B koji je koristila nacisti\u010dka Njema\u010dka za istrebljenje Jevreja, Zapad je zamjenimo raketama, avionima, streljivom i bombama takve razorne mo\u0107i kakve nijesu postojale u vrijeme II svjetskog rata.<\/p>\n<p>Iako se retori\u010dki kune u slobodu prava na javno izno\u0161enje stava i slobodu okupljanja, kolektivni Zapad na \u010delu sa SAD ne dozvoljava da se ijedan glas, kamoli krik, protiv genocida koji nam se de\u0161ava pred o\u010dima probije u njihovim medijima. Zabranjuju proteste koje se tome suprostavljaju (sloboda okupljana!), hapse mirne protestante, prijete im zatvorom, deportacijom, zabranjuju ulazak u zemlju, \u010dak i onim koje su koliko do ju\u010de promovisali u idole \u201eslobodnog svijeta i borbe za njegovu svijetlu budu\u0107nost\u201c,\u00a0 kao \u0161to je na primjer Greta Tumberg, koja je preko no\u0107i izop\u0161tena iz javnog diskursa: sada se ona hapsi, zabranjuje joj se ulazak u neke \u201ecivilizovane, zapadne zemlje\u201c jer je digla glas protiv genocida koji oni podr\u017eavaju i iza kojeg stoje. Palestinskim piscima otkazuju u\u010de\u0161\u0107e na knji\u017eevnim ve\u010derima na koje su ranije pozvani \u2013 samo zato \u0161to su Palestinci, iako\u00a0 su okupirani i pred istrebljenjem. Varufakisu zabranjuju da u\u0111e u zemlju koja je po\u010dinila genocid nad Jevrejima, jer se protivi genocidu nad Palestincima koji ista ta Njema\u010dka vojno, politi\u010dki i propagandno podr\u017eava. Valjda se tako pravda za svoj genocid, podr\u017eavaju\u0107i drugi, a u stvari je sau\u010desnik i ovom drugom.<\/p>\n<p>Sve zaglu\u0161uju\u0107e\u00a0 propagirane \u201ezapadne vrijednosti\u201c potuno su se ogolile njihovom bezrezervnom podr\u0161kom genocidu, nepojmljivim zlo\u010dinima i etni\u010dkom \u010di\u0161\u0107enju, pokazav\u0161i da je genocid koga tako jednoglasno podr\u017eavaju u stvari najve\u0107a \u201ezapadna vrijednost\u201c oko koje nema nesuglasja.<\/p>\n<p><img loading=\"lazy\" decoding=\"async\" class=\"aligncenter wp-image-415334\" src=\"https:\/\/www.pcnen.com\/portal\/wp-content\/uploads\/2024\/10\/gaza.jpeg\" alt=\"gaza\" width=\"1069\" height=\"1564\" srcset=\"https:\/\/www.pcnen.com\/portal\/wp-content\/uploads\/2024\/10\/gaza.jpeg 1069w, https:\/\/www.pcnen.com\/portal\/wp-content\/uploads\/2024\/10\/gaza-980x1434.jpeg 980w, https:\/\/www.pcnen.com\/portal\/wp-content\/uploads\/2024\/10\/gaza-480x702.jpeg 480w\" sizes=\"(min-width: 0px) and (max-width: 480px) 480px, (min-width: 481px) and (max-width: 980px) 980px, (min-width: 981px) 1069px, 100vw\" \/><\/p>\n<p>Tu podr\u0161ku prati ni\u0161ta manji totalitarizam, manifestovan kroz medijski mrak, propagandu i jednoumlje, za koje je stalno optu\u017eivan isklju\u010divo Istok, a koji se ogleda i u navedenoj zabrani bilo kakvog protesta ili izra\u017eavanja druga\u010dijeg stava, te poku\u0161aju totalne informativne blokade. Taj orvelovski toralitarizam se poja\u010dava spoznajom da agenture Zapada koje djeluju pod firmom NVO, a koje nam stalno trube o ljudskim pravima, slobodi i me\u0111unarodnom pravu, nikad glasnije nijesu bile \u0161utljivije nego sada, dok se svi oni principi koje su nam la\u017eno propagarili pred o\u010dima svih nas tako flagrantno ru\u0161e i kr\u0161e.<\/p>\n<p>Isto va\u017ei i za one koje su mejnstrim mediji promovisali u ugledne javne li\u010dnosti, kolumniste, analita\u010dare. Totalna \u0161utnja na slike koje svakodnevno gledamo, pune u\u017easa, patnje, stradanja &#8211; \u017eena i djece najvi\u0161e &#8211; je o\u010digledan dokaz da su sve ono \u0161to su nam tobo\u017ee propagirali i za \u0161to su se kao zalagali &#8211; pla\u0107eni\u010dka la\u017e. Podr\u0161ka ili neogla\u0161avanje politi\u010dkih partija u dr\u017eavama na Balkanu, te izbjegavanje dono\u0161enje Rezolucije o Palestini u crnogorskom pralamentu, uprkos u rekordnom vremenu sakupljenom potrebnom broju potpisa gra\u0111ana za dono\u0161enje iste, jasno su pokazali da su ove dr\u017eave u stvari kolonije Zapada \u010dije su politi\u010dke \u201eelite\u201c kolonijalni namjesnici i poslu\u0161nici svojih kolonijalnih gospodara. Poseban paradoks je, da je \u010dak i Kosovo, \u010dije stanovni\u0161tvo je uglavnom islamske vjeroispovjesti &#8211; stoga ima i ve\u0107i pijetet prema \u017ertvama izraelskih masakara i genocida, dalo podr\u0161ku Izraelu, okupaciji i genocidu koji sprovodi nad Palestincima, \u0161to jasno pokazaju da je Kosovo u stvari klasi\u010dan ameri\u010dko-zapadni protektorat, a ne nezavisna dr\u017eava.<\/p>\n<p>Poslije slu\u010daja inkvizitorskog progona i zatvaranja Asan\u017ea zbog novinarskog posla koji je profesionalno obavljao, uglavnom \u0161utnje mu \u201ekolega\u201c iz mejnstrim medija, NVO sektora, kao i \u201euglednih javnih li\u010dnosti\u201c &#8211; \u0161utnje koja zna\u010di podr\u0161ku takvom progonu, te zatim \u0161utnje koja zna\u010di podr\u0161ku genocidu nad Palestincima, gra\u0111ani ne samo ovog podru\u010dja ve\u0107 ve\u0107eg dijela svijeta sada druga\u010dije gledaju i na sukob u Ukrajini, pitaju se da li je i tu sve propaganda i la\u017e, sve vi\u0161e uvi\u0111aju\u0107i da je to u stvari sukob SAD i kolektivnog Zapada sa Rusijom, preko jadne i ubijene Ukrajine. Milijarde dolara i eura ulo\u017eene u mejnstrim medije i NVO za \u0161irenje propagande i la\u017enih zapadnih narativa o demokratije, slobodi, slobodi \u0161tampe, slobodi javnog okupljanja, me\u0111unarodnom pravu&#8230; pukle su kao mjehur od sapunice, a gra\u0111ani sve vi\u0161e poku\u0161avaju da do\u0111u do informacija u medijima koji \u0161ire \u201emaligni uticaj iz osovine zla\u201c \u2013 i koji se zabranjuju, jer su shvatili da su \u201eugledni zapadni mediji i agencije\u201c u stvari najve\u0107i dezinformatori. Patnja Palestinaca i genocid nad njima, koliko god bili surovi \u2013 to jeste zahvaljuju\u0107i ba\u0161 tome, najve\u0107e su otre\u017enjenje za ljude \u0161irom svijeta, pokazatelj da su \u201ezapadne vrijednosti\u201c u stvari podr\u0161ka genocidu, a sloboda informisanja u stvari najgori totalitarizam kroz propagandisti\u010dko izvje\u0161tavanje medija koji su pod njihovom totalnom\u00a0 kontrolom.<\/p>\n<p>Palestinsko pitanje i sistemski genocid nad njima koji je poslednju godinu kulmunirao ima\u0107e dalekose\u017ene posljedice po SAD, Zapad i tu njihovu propagandu. Poslije svega, malo ko vi\u0161e vjeruje u njihove floskule o demokratiji, slobodi, slobodnom svijetu. Izbjeglice-migranti i manjine po zapadnoj u Evropi i SAD su se jo\u0161 jednom uvjerile u nepravdu, kolonijalizam i duple standarde Zapada, zbog kojih su postale to \u0161to jesu, te \u0107e se jo\u0161 vi\u0161e radikalizovati, a sa sve ve\u0107om simpatijom gledati na \u201eosovinu zla\u201c(Rusiju, Iran, Kinu) koje se od po\u010detka protivile navedenom genocidu, koji je, sad to jasno vidimo, zapadna vrijednost. Ti gra\u0111ani, sada sve vi\u0161e vide BRIKS i Rusiju kao borce protiv ameri\u010dko-zapadnog hegemonizma i totalitarizma, ulaze\u0107i u drugu krajnost, potpuno i nekriti\u010dki ih podr\u017eavaju\u0107i.\u00a0 \u010cak i muslimani sa ovih podru\u010dja \u2013 tradicionalno okrenuti protiv Rusije, po\u010dinju na nju gedati kao na zemlju koja se bori protiv svjetske nepravde i zla koji \u010dini Zapad na \u010delu sa SAD protiv ostalog dijela svijeta, islamskog i Palestinaca posebno.<\/p>\n<p>Niko nije razgolitio licemjernost SAD i Zapada kao Palestinci, njihova patnja i borba za slobodu, tako da \u0107e u nekoj budu\u0107oj istoriji njihova neravnopravna borba \u2013 bez obzira na ishod, biti slavljena kao svjetska prekretnica i otre\u017enjenje od zabluda koje su\u00a0 nam, \u0161to vje\u0161tom propagandom, \u0161to svojim agenturama, \u0161to pritiscima i silom, bile nametnute od strane \u201eCarstva demokratije\u201c i kolektivnog Zapada kao opsjena\u00a0 vrhunskih sloboda, demokratiji i vrijednosti \u201eslobodnog svijeta\u201c.<\/p>\n","protected":false},"excerpt":{"rendered":"<p>Pi\u0161e: Omer \u0160arki\u0107 Ve\u0107 du\u017ee od godinu traje najtransparetniji genocid i etni\u010dko \u010di\u0161\u0107enje u ljudskoj istoriji. Gledamo ga u\u017eivo, uprkos poku\u0161ajima mejnstrim medija da ga sakriju, umanje ili \u010dak opravdaju. Onaj nad Jevrejima u II svjetskom ratu je bio vje\u0161to skrivan, a mogao se skrivati jer tada nije bilo sada\u0161njih sredstava komunikacije &#8211; mobilnih telefona [&hellip;]<\/p>\n","protected":false},"author":12,"featured_media":397667,"comment_status":"open","ping_status":"closed","sticky":false,"template":"","format":"standard","meta":{"_seopress_robots_primary_cat":"none","_seopress_titles_title":"","_seopress_titles_desc":"","_seopress_robots_index":"","_et_pb_use_builder":"","_et_pb_old_content":"","_et_gb_content_width":"","inline_featured_image":false,"footnotes":""},"categories":[17],"tags":[],"class_list":["post-415330","post","type-post","status-publish","format-standard","has-post-thumbnail","hentry","category-blogovi"],"_links":{"self":[{"href":"https:\/\/www.pcnen.com\/portal\/wp-json\/wp\/v2\/posts\/415330","targetHints":{"allow":["GET"]}}],"collection":[{"href":"https:\/\/www.pcnen.com\/portal\/wp-json\/wp\/v2\/posts"}],"about":[{"href":"https:\/\/www.pcnen.com\/portal\/wp-json\/wp\/v2\/types\/post"}],"author":[{"embeddable":true,"href":"https:\/\/www.pcnen.com\/portal\/wp-json\/wp\/v2\/users\/12"}],"replies":[{"embeddable":true,"href":"https:\/\/www.pcnen.com\/portal\/wp-json\/wp\/v2\/comments?post=415330"}],"version-history":[{"count":3,"href":"https:\/\/www.pcnen.com\/portal\/wp-json\/wp\/v2\/posts\/415330\/revisions"}],"predecessor-version":[{"id":415430,"href":"https:\/\/www.pcnen.com\/portal\/wp-json\/wp\/v2\/posts\/415330\/revisions\/415430"}],"wp:featuredmedia":[{"embeddable":true,"href":"https:\/\/www.pcnen.com\/portal\/wp-json\/wp\/v2\/media\/397667"}],"wp:attachment":[{"href":"https:\/\/www.pcnen.com\/portal\/wp-json\/wp\/v2\/media?parent=415330"}],"wp:term":[{"taxonomy":"category","embeddable":true,"href":"https:\/\/www.pcnen.com\/portal\/wp-json\/wp\/v2\/categories?post=415330"},{"taxonomy":"post_tag","embeddable":true,"href":"https:\/\/www.pcnen.com\/portal\/wp-json\/wp\/v2\/tags?post=415330"}],"curies":[{"name":"wp","href":"https:\/\/api.w.org\/{rel}","templated":true}]}}