{"id":413386,"date":"2024-10-01T12:21:05","date_gmt":"2024-10-01T10:21:05","guid":{"rendered":"https:\/\/www.pcnen.com\/portal\/?p=413386"},"modified":"2024-10-01T12:22:47","modified_gmt":"2024-10-01T10:22:47","slug":"grupa-zaposlenih-u-rtcg-trazi-odgovor-od-ek","status":"publish","type":"post","link":"https:\/\/www.pcnen.com\/portal\/2024\/10\/01\/grupa-zaposlenih-u-rtcg-trazi-odgovor-od-ek\/","title":{"rendered":"Grupa zaposlenih u RTCG tra\u017ei odgovor od EK"},"content":{"rendered":"<p>Grupa zaposlenih u RTCG je uputila pismo na \u010detiri adrese u Evropskoj komisiji (predsjednici EK, ambasadoru EU u Crnoj Gori, portparolki EK i portparolu za vanjske poslove i bezbjednosnu politiku) u kome se tra\u017ei obja\u0161njenje za navode crnogorskog premijera Milojka Spaji\u0107a u vezi sa amandmanima na Zakon o RTCG kojima je olak\u0161an izbor Borisa Roni\u0107a za generalnog direktora nacionalnog javnog emitera.<\/p>\n<p>&#8220;Nedavno je u Crnoj Gori done\u0161en zakon koji omogu\u0107ava da generalni direktor Javnog servisa bude osoba sa svega pet godina radnog iskustva, \u010dime je srozan dosada\u0161nji kriterijum po kome je \u010delnik te institucije morao imati bar 10 godina rada u medijima sa fakultetskom diplomom. Umjesto da se takva stavka i poo\u0161tri,\u00a0 skoro po\u010detniku jo\u0161 vi\u0161e je olak\u0161ano da se jo\u0161 jednom kandiduje za \u010delnika Javnog servisa. Olak\u0161ani su uslovi da se opet nezakonito i tre\u0107i put kandiduje aktuelni generalni direktor. Iako ima pravo na svega dva mandata po zakonu. Na oba ta mandata je imenovan nezakonito prema odluci suda.<\/p>\n<p>Tu\u017eila\u0161tvo nije nikoga sankcionisalo do sada zbog toga, niti je preduzelo izvr\u0161ne radnje kojima treba da se odlikuje pravna dr\u017eava. A zakonodavstvo je omogu\u0107ilo pristup takvoj osobi da ponovo\u00a0 uzurpira resurse najve\u0107e dr\u017eavne medijske ku\u0107e.<\/p>\n<p>Ovih dana Milojko Spaji\u0107, premijer Crne Gore, upitan za\u0161to se to radi, olak\u0161ava reizbor spornog direktora, uputio je da Evropska komisija stoji iza toga:<\/p>\n<p>Molimo vas da nam objasnite, ako je to istina, koji su razlozi?&#8221;, pi\u0161e na kraju pisma grrupe zaposlenih u RTCG koji se predstavljaju kao neko ko je zabrinut &#8220;zbog uru\u0161avanja ugleda svoje institucije i devastacije njenih resursa&#8221;.<\/p>\n<p>Pismo su potpisali: \u010caslav Vujoti\u0107, Slaven Knezovi\u0107, Sr\u0111an \u010covi\u0107, Tanja \u0160ukovi\u0107, Mladen Vuk\u010devi\u0107, Sne\u017eana Rakonjac, Sabrija Vuli\u0107, Nata\u0161a Baranin i \u017darko Bo\u017eovi\u0107.<\/p>\n","protected":false},"excerpt":{"rendered":"<p>Grupa zaposlenih u RTCG je uputila pismo na \u010detiri adrese u Evropskoj komisiji (predsjednici EK, ambasadoru EU u Crnoj Gori, portparolki EK i portparolu za vanjske poslove i bezbjednosnu politiku) u kome se tra\u017ei obja\u0161njenje za navode crnogorskog premijera Milojka Spaji\u0107a u vezi sa amandmanima na Zakon o RTCG kojima je olak\u0161an izbor Borisa Roni\u0107a za generalnog direktora nacionalnog javnog emitera<\/p>\n","protected":false},"author":1,"featured_media":401623,"comment_status":"open","ping_status":"closed","sticky":false,"template":"","format":"standard","meta":{"_seopress_robots_primary_cat":"none","_seopress_titles_title":"","_seopress_titles_desc":"","_seopress_robots_index":"","_et_pb_use_builder":"","_et_pb_old_content":"","_et_gb_content_width":"","inline_featured_image":false,"footnotes":""},"categories":[14],"tags":[],"class_list":["post-413386","post","type-post","status-publish","format-standard","has-post-thumbnail","hentry","category-vijesti"],"_links":{"self":[{"href":"https:\/\/www.pcnen.com\/portal\/wp-json\/wp\/v2\/posts\/413386","targetHints":{"allow":["GET"]}}],"collection":[{"href":"https:\/\/www.pcnen.com\/portal\/wp-json\/wp\/v2\/posts"}],"about":[{"href":"https:\/\/www.pcnen.com\/portal\/wp-json\/wp\/v2\/types\/post"}],"author":[{"embeddable":true,"href":"https:\/\/www.pcnen.com\/portal\/wp-json\/wp\/v2\/users\/1"}],"replies":[{"embeddable":true,"href":"https:\/\/www.pcnen.com\/portal\/wp-json\/wp\/v2\/comments?post=413386"}],"version-history":[{"count":1,"href":"https:\/\/www.pcnen.com\/portal\/wp-json\/wp\/v2\/posts\/413386\/revisions"}],"predecessor-version":[{"id":413389,"href":"https:\/\/www.pcnen.com\/portal\/wp-json\/wp\/v2\/posts\/413386\/revisions\/413389"}],"wp:featuredmedia":[{"embeddable":true,"href":"https:\/\/www.pcnen.com\/portal\/wp-json\/wp\/v2\/media\/401623"}],"wp:attachment":[{"href":"https:\/\/www.pcnen.com\/portal\/wp-json\/wp\/v2\/media?parent=413386"}],"wp:term":[{"taxonomy":"category","embeddable":true,"href":"https:\/\/www.pcnen.com\/portal\/wp-json\/wp\/v2\/categories?post=413386"},{"taxonomy":"post_tag","embeddable":true,"href":"https:\/\/www.pcnen.com\/portal\/wp-json\/wp\/v2\/tags?post=413386"}],"curies":[{"name":"wp","href":"https:\/\/api.w.org\/{rel}","templated":true}]}}