{"id":413378,"date":"2024-10-01T09:56:37","date_gmt":"2024-10-01T07:56:37","guid":{"rendered":"https:\/\/www.pcnen.com\/portal\/?p=413378"},"modified":"2024-10-01T09:56:37","modified_gmt":"2024-10-01T07:56:37","slug":"ijzcg-prosjecna-starost-stanovnistva-388-godina","status":"publish","type":"post","link":"https:\/\/www.pcnen.com\/portal\/2024\/10\/01\/ijzcg-prosjecna-starost-stanovnistva-388-godina\/","title":{"rendered":"IJZCG: Prosje\u010dna starost stanovni\u0161tva 38,8 godina"},"content":{"rendered":"<p>Procjene iz 2021. godine pokazuju da je u\u010de\u0161\u0107e starijih od 65 godina u op\u0161toj populaciji sada ve\u0107e od 15 odsto, a da je prosje\u010dna starost stanovni\u0161tva u Crnoj Gori 38,8 godina, saop\u0161tili su iz Insituta za javno zdravlje povodom Svjetskog dana starijih osoba.<\/p>\n<p>Ovaj me\u0111unarodni dan uspostavljen je 1990. godine od strane Ujedinjenih nacija.<\/p>\n<p>Iz IJZCG su podsjetili da se obilje\u017eava 1. oktobra, sa ciljem da naglasi va\u017enost prilago\u0111avanja dru\u0161tva potrebama starijih.<\/p>\n<p>Stanovni\u0161tvo Crne Gore se suo\u010dava sa demografskim starenjem \u0161to pokazuju i podaci o u\u010de\u0161\u0107u broja osoba starijih od 65 godina u ukupnom stanovni\u0161tvu.<\/p>\n<p>\u201cU 1991. godini udio starijih je iznosio 8,3 odsto, dok je u 2003. godini porastao na 11,9 odsto. Prema rezultatima Popisa stanovni\u0161tva iz 2011. godine u Crnoj Gori \u017eivi 12,8 odsto starijih gra\u0111ana preko 65 godina. Procjene iz 2021. godine pokazuju da je u\u010de\u0161\u0107e starijih od 65 godina u op\u0161toj populaciji sada ve\u0107e od 15 odsto, a da je prosje\u010dna starost stanovni\u0161tva u Crnoj Gori 38,8 godina\u201d, kazali su iz Instituta.<\/p>\n<p>\u201cSvako dru\u0161tvo ima obavezu da osigura dostojanstven i kvalitetan \u017eivot starijih, obezbje\u0111uju\u0107i im ne samo materijalnu sigurnost, ve\u0107 i dru\u0161tvenu podr\u0161ku, njegu i ljubav. Zajedno, mo\u017eemo graditi dru\u0161tvo koje cijeni i po\u0161tuje sve generacije, gde stariji nisu zaboravljeni, ve\u0107 su aktivni i po\u0161tovani \u010dlanovi zajednice\u201d, naveli su iz IJZCG.<\/p>\n","protected":false},"excerpt":{"rendered":"<p>Procjene iz 2021. godine pokazuju da je u\u010de\u0161\u0107e starijih od 65 godina u op\u0161toj populaciji sada ve\u0107e od 15 odsto, a da je prosje\u010dna starost stanovni\u0161tva u Crnoj Gori 38,8 godina, saop\u0161tili su iz Insituta za javno zdravlje povodom Svjetskog dana starijih osoba.<\/p>\n","protected":false},"author":1,"featured_media":407725,"comment_status":"open","ping_status":"closed","sticky":false,"template":"","format":"standard","meta":{"_seopress_robots_primary_cat":"none","_seopress_titles_title":"","_seopress_titles_desc":"","_seopress_robots_index":"","_et_pb_use_builder":"","_et_pb_old_content":"","_et_gb_content_width":"","inline_featured_image":false,"footnotes":""},"categories":[14],"tags":[],"class_list":["post-413378","post","type-post","status-publish","format-standard","has-post-thumbnail","hentry","category-vijesti"],"_links":{"self":[{"href":"https:\/\/www.pcnen.com\/portal\/wp-json\/wp\/v2\/posts\/413378","targetHints":{"allow":["GET"]}}],"collection":[{"href":"https:\/\/www.pcnen.com\/portal\/wp-json\/wp\/v2\/posts"}],"about":[{"href":"https:\/\/www.pcnen.com\/portal\/wp-json\/wp\/v2\/types\/post"}],"author":[{"embeddable":true,"href":"https:\/\/www.pcnen.com\/portal\/wp-json\/wp\/v2\/users\/1"}],"replies":[{"embeddable":true,"href":"https:\/\/www.pcnen.com\/portal\/wp-json\/wp\/v2\/comments?post=413378"}],"version-history":[{"count":1,"href":"https:\/\/www.pcnen.com\/portal\/wp-json\/wp\/v2\/posts\/413378\/revisions"}],"predecessor-version":[{"id":413381,"href":"https:\/\/www.pcnen.com\/portal\/wp-json\/wp\/v2\/posts\/413378\/revisions\/413381"}],"wp:featuredmedia":[{"embeddable":true,"href":"https:\/\/www.pcnen.com\/portal\/wp-json\/wp\/v2\/media\/407725"}],"wp:attachment":[{"href":"https:\/\/www.pcnen.com\/portal\/wp-json\/wp\/v2\/media?parent=413378"}],"wp:term":[{"taxonomy":"category","embeddable":true,"href":"https:\/\/www.pcnen.com\/portal\/wp-json\/wp\/v2\/categories?post=413378"},{"taxonomy":"post_tag","embeddable":true,"href":"https:\/\/www.pcnen.com\/portal\/wp-json\/wp\/v2\/tags?post=413378"}],"curies":[{"name":"wp","href":"https:\/\/api.w.org\/{rel}","templated":true}]}}