{"id":413373,"date":"2024-10-01T12:35:36","date_gmt":"2024-10-01T10:35:36","guid":{"rendered":"https:\/\/www.pcnen.com\/portal\/?p=413373"},"modified":"2024-10-01T12:39:30","modified_gmt":"2024-10-01T10:39:30","slug":"asanz-danas-govorio-u-savjetu-evrope-video","status":"publish","type":"post","link":"https:\/\/www.pcnen.com\/portal\/2024\/10\/01\/asanz-danas-govorio-u-savjetu-evrope-video\/","title":{"rendered":"Asan\u017e danas govorio u Savjetu Evrope (video)"},"content":{"rendered":"<p>D\u017eulijan Asan\u017e, osniva\u010d Vikiliksa koji je do nedavno bio u britanskom zatvoru Belmar\u0161, se danas prvi put pojavio u javnosti nakon \u0161to je iza\u0161ao iz zatvora.<\/p>\n<p>On je svoje svjedo\u010denje podijelio s Komitetom za pravna pitanja i ljudska prava Parlamentarne skup\u0161tine Savjeta Evrope (PSSE) u Strazburu.<\/p>\n<p>Ovo je uslijedilo nakon objavljivanja njihovog izvje\u0161taja koji potvr\u0111uje da je on bio politi\u010dki zatvorenik i poziva Ujedinjeno Kraljevstvo da sprovede nezavisnu istragu o tome da li je pretrpio ne\u010dovje\u010dno ili poni\u017eavaju\u0107e postupanje.<\/p>\n<p>\u201cPriznao sam krivicu za bavljenje novinarstvom. U fini\u0161u sam izabrao slobodu umjesto neostvarive pravde\u201d, rekao je\u00a0 Asan\u017e, prenosi Al D\u017eazira Balkan. \u201c\u017delim biti jasan: danas nisam slobodan jer je sistem funkcionisao nego zato \u0161to sam, nakon vi\u0161e godina, priznao krivicu za novinarstvo, jer sam tra\u017eio informacije i informisao javnost o tim informacijama\u201d.<\/p>\n<p>On je rekao da je za njega pravda zauvijek zaklju\u010dana jer je vlada SAD insistirala da ne mo\u017ee ulo\u017eiti tu\u017ebu na Evropskom sudu za ljudska prava.<\/p>\n<p>\u201cZbog toga je toliko va\u017eno da (\u2026) institucije koje stvaraju norme poput PSSE djeluju kako bi jasno dale do znanja da se ono \u0161to se meni dogodilo ne bi trebalo dogoditi drugima\u201d, rekao je Asan\u017e<\/p>\n<p>\u201cSvi se obave\u017eimo da \u0107emo u\u010diniti svoj dio kako bismo osigurali da svijetlo slobode nikada ne izblijedi, da se potraga za istinom nastavi i da interesi nekolicine ne u\u0161utkaju glasove ve\u0107ine\u201d, rekao je osniva\u010d Vikiliksa.<\/p>\n<p>Asan\u017e je, tako\u0111e, rekao da je tranzicija iz pritvora i zatvora maksimalne sigurnosti do govora pred Komitetom velika i duboka, ali da je iskustvo izolacije u maloj \u0107eliji te\u0161ko prenijeti.<\/p>\n<p>\u201cTo vam oduzima osje\u0107aj sebe samog. Jo\u0161 nisam sasvim sposoban govoriti o onom \u0161to sam iskusio. Ono \u0161to se dogodilo meni, ne smije se nikom drugom dogoditi\u201d, poru\u010dio je Asan\u017e i zahvalio se svima koji su se zalagali za njegovo osloba\u0111anje.<\/p>\n<p>\u201cSloboda govora i sve \u0161to iz nje proizilazi je na mra\u010dnoj raskrsnici\u201d, upozorio je on.<\/p>\n<p>Asan\u017e je proteklih 14 godina proveo skrivaju\u0107i se u Ekvadorskoj ambasadi u Londonu, a potom u zatvoru maksimalne sigurnosti u Belmar\u0161u, nedaleko od Londona.<\/p>\n<p>Ameri\u010dke vlasti tvrde da su njegove objave bile nepromi\u0161ljene, da su na\u0161tetile nacionalnoj sigurnosti i ugrozile \u017eivote agenata.<\/p>\n<blockquote class=\"twitter-tweet\">\n<p dir=\"ltr\" lang=\"en\">Julian Assange arrives in France to give evidence to the Parliamentary Assembly of the Council of Europe (PACE) on October 1 in Strasbourg. <a href=\"https:\/\/t.co\/jOLv8ZhuCl\">pic.twitter.com\/jOLv8ZhuCl<\/a><\/p>\n<p>\u2014 WikiLeaks (@wikileaks) <a href=\"https:\/\/twitter.com\/wikileaks\/status\/1840701510910349637?ref_src=twsrc%5Etfw\">September 30, 2024<\/a><\/p><\/blockquote>\n<p><script async src=\"https:\/\/platform.twitter.com\/widgets.js\" charset=\"utf-8\"><\/script><\/p>\n<p><iframe loading=\"lazy\" title=\"YouTube video player\" src=\"https:\/\/www.youtube.com\/embed\/Mq85IZMeigc?si=pjzhqDfu2qF7-Frf\" width=\"560\" height=\"315\" frameborder=\"0\" allowfullscreen=\"allowfullscreen\"><\/iframe><\/p>\n<p>&nbsp;<\/p>\n<p><a href=\"https:\/\/www.pcnen.com\/portal\/?s=Asan%C5%BE\" target=\"_blank\" rel=\"noopener\">VEZANE VIJESTI<\/a><\/p>\n","protected":false},"excerpt":{"rendered":"<p>D\u017eulijan Asan\u017e, osniva\u010d Vikiliksa koji je do nedavno bio u britanskom zatvoru Belmar\u0161, se danas prvi put pojavio u javnosti nakon \u0161to je iza\u0161ao iz zatvora<\/p>\n","protected":false},"author":1,"featured_media":413376,"comment_status":"open","ping_status":"closed","sticky":false,"template":"","format":"standard","meta":{"_seopress_robots_primary_cat":"none","_seopress_titles_title":"","_seopress_titles_desc":"","_seopress_robots_index":"","_et_pb_use_builder":"","_et_pb_old_content":"","_et_gb_content_width":"","inline_featured_image":false,"footnotes":""},"categories":[14],"tags":[],"class_list":["post-413373","post","type-post","status-publish","format-standard","has-post-thumbnail","hentry","category-vijesti"],"_links":{"self":[{"href":"https:\/\/www.pcnen.com\/portal\/wp-json\/wp\/v2\/posts\/413373","targetHints":{"allow":["GET"]}}],"collection":[{"href":"https:\/\/www.pcnen.com\/portal\/wp-json\/wp\/v2\/posts"}],"about":[{"href":"https:\/\/www.pcnen.com\/portal\/wp-json\/wp\/v2\/types\/post"}],"author":[{"embeddable":true,"href":"https:\/\/www.pcnen.com\/portal\/wp-json\/wp\/v2\/users\/1"}],"replies":[{"embeddable":true,"href":"https:\/\/www.pcnen.com\/portal\/wp-json\/wp\/v2\/comments?post=413373"}],"version-history":[{"count":3,"href":"https:\/\/www.pcnen.com\/portal\/wp-json\/wp\/v2\/posts\/413373\/revisions"}],"predecessor-version":[{"id":413392,"href":"https:\/\/www.pcnen.com\/portal\/wp-json\/wp\/v2\/posts\/413373\/revisions\/413392"}],"wp:featuredmedia":[{"embeddable":true,"href":"https:\/\/www.pcnen.com\/portal\/wp-json\/wp\/v2\/media\/413376"}],"wp:attachment":[{"href":"https:\/\/www.pcnen.com\/portal\/wp-json\/wp\/v2\/media?parent=413373"}],"wp:term":[{"taxonomy":"category","embeddable":true,"href":"https:\/\/www.pcnen.com\/portal\/wp-json\/wp\/v2\/categories?post=413373"},{"taxonomy":"post_tag","embeddable":true,"href":"https:\/\/www.pcnen.com\/portal\/wp-json\/wp\/v2\/tags?post=413373"}],"curies":[{"name":"wp","href":"https:\/\/api.w.org\/{rel}","templated":true}]}}