{"id":413337,"date":"2024-09-30T14:11:42","date_gmt":"2024-09-30T12:11:42","guid":{"rendered":"https:\/\/www.pcnen.com\/portal\/?p=413337"},"modified":"2024-09-30T14:11:42","modified_gmt":"2024-09-30T12:11:42","slug":"nikolic-mandic-ponizava-crnu-goru-nezakonito-otkazao-sjednicu","status":"publish","type":"post","link":"https:\/\/www.pcnen.com\/portal\/2024\/09\/30\/nikolic-mandic-ponizava-crnu-goru-nezakonito-otkazao-sjednicu\/","title":{"rendered":"Nikoli\u0107: Mandi\u0107 poni\u017eava Crnu Goru, nezakonito otkazao sjednicu"},"content":{"rendered":"<p>\u0160ef parlamenta Andrija Mandi\u0107 nezakonito je otkazao dana\u0161nju sjednicu Skup\u0161tine, poru\u010duju iz Kluba poslanika Demokratske partije socijalista.<\/p>\n<p>Poslanik DPS-a Andrija Nikoli\u0107 kazao je na konferenciji za novinare da parlamentarna ve\u0107ina nije nau\u010dila ni\u0161ta na svojim gre\u0161kama.<\/p>\n<p>&#8220;Ovo je jo\u0161 jedno poni\u017eavanje Crne Gore&#8221;, poru\u010dio je on.<\/p>\n<p>Nikoli\u0107 je rekao da je ovo neki drugi pravac politi\u010dkog djelovanja, kada nestane politi\u010dka kultura.<\/p>\n<p>&#8220;Ova lo\u0161a praksa parlamenta se nastavlja i pitanje je kako \u0107e zavr\u0161iti. Bi\u0107emo tu da o njihovom nezakonitom postupanju obavijestimo javnost&#8221;, naveo je Nikoli\u0107.<\/p>\n<blockquote class=\"wp-embedded-content\" data-secret=\"XJ0ulY68Ou\"><p><a href=\"https:\/\/www.pcnen.com\/portal\/2024\/09\/30\/odgodjena-vanredna-sjednica-skupstine-cg-video\/\">Odgo\u0111ena vanredna sjednica Skup\u0161tine CG (video)<\/a><\/p><\/blockquote>\n<p><iframe loading=\"lazy\" class=\"wp-embedded-content\" sandbox=\"allow-scripts\" security=\"restricted\" style=\"position: absolute; visibility: hidden;\" title=\"&#8220;Odgo\u0111ena vanredna sjednica Skup\u0161tine CG (video)&#8221; &#8212; PCNEN\" src=\"https:\/\/www.pcnen.com\/portal\/2024\/09\/30\/odgodjena-vanredna-sjednica-skupstine-cg-video\/embed\/#?secret=4vBU6apfIG#?secret=XJ0ulY68Ou\" data-secret=\"XJ0ulY68Ou\" width=\"600\" height=\"338\" frameborder=\"0\" marginwidth=\"0\" marginheight=\"0\" scrolling=\"no\"><\/iframe><\/p>\n","protected":false},"excerpt":{"rendered":"<p>\u0160ef parlamenta Andrija Mandi\u0107 nezakonito je otkazao dana\u0161nju sjednicu Skup\u0161tine, poru\u010duju iz Kluba poslanika Demokratske partije socijalista.<\/p>\n","protected":false},"author":1,"featured_media":281497,"comment_status":"open","ping_status":"closed","sticky":false,"template":"","format":"standard","meta":{"_seopress_robots_primary_cat":"none","_seopress_titles_title":"","_seopress_titles_desc":"","_seopress_robots_index":"","_et_pb_use_builder":"","_et_pb_old_content":"","_et_gb_content_width":"","inline_featured_image":false,"footnotes":""},"categories":[14],"tags":[],"class_list":["post-413337","post","type-post","status-publish","format-standard","has-post-thumbnail","hentry","category-vijesti"],"_links":{"self":[{"href":"https:\/\/www.pcnen.com\/portal\/wp-json\/wp\/v2\/posts\/413337","targetHints":{"allow":["GET"]}}],"collection":[{"href":"https:\/\/www.pcnen.com\/portal\/wp-json\/wp\/v2\/posts"}],"about":[{"href":"https:\/\/www.pcnen.com\/portal\/wp-json\/wp\/v2\/types\/post"}],"author":[{"embeddable":true,"href":"https:\/\/www.pcnen.com\/portal\/wp-json\/wp\/v2\/users\/1"}],"replies":[{"embeddable":true,"href":"https:\/\/www.pcnen.com\/portal\/wp-json\/wp\/v2\/comments?post=413337"}],"version-history":[{"count":1,"href":"https:\/\/www.pcnen.com\/portal\/wp-json\/wp\/v2\/posts\/413337\/revisions"}],"predecessor-version":[{"id":413340,"href":"https:\/\/www.pcnen.com\/portal\/wp-json\/wp\/v2\/posts\/413337\/revisions\/413340"}],"wp:featuredmedia":[{"embeddable":true,"href":"https:\/\/www.pcnen.com\/portal\/wp-json\/wp\/v2\/media\/281497"}],"wp:attachment":[{"href":"https:\/\/www.pcnen.com\/portal\/wp-json\/wp\/v2\/media?parent=413337"}],"wp:term":[{"taxonomy":"category","embeddable":true,"href":"https:\/\/www.pcnen.com\/portal\/wp-json\/wp\/v2\/categories?post=413337"},{"taxonomy":"post_tag","embeddable":true,"href":"https:\/\/www.pcnen.com\/portal\/wp-json\/wp\/v2\/tags?post=413337"}],"curies":[{"name":"wp","href":"https:\/\/api.w.org\/{rel}","templated":true}]}}