{"id":413277,"date":"2024-09-29T21:03:55","date_gmt":"2024-09-29T19:03:55","guid":{"rendered":"https:\/\/www.pcnen.com\/portal\/?p=413277"},"modified":"2024-09-29T21:03:55","modified_gmt":"2024-09-29T19:03:55","slug":"suncano-i-vjetrovito-do-23-stepena-2","status":"publish","type":"post","link":"https:\/\/www.pcnen.com\/portal\/2024\/09\/29\/suncano-i-vjetrovito-do-23-stepena-2\/","title":{"rendered":"Sun\u010dano i vjetrovito, do 23 stepena"},"content":{"rendered":"<p>U Crnoj Gori\u0107e u ponedjeljak biti prete\u017eno sun\u010dano. Na sjeveru prijepodne bi\u0107e umjerena ili pove\u0107ana obla\u010dnost, a po kotlinama ponegdje je mogu\u0107a magla.<\/p>\n<p>Povremeno \u0107e duvati umjeren do poja\u010dan vjetar sjevernih smjerova, uglavnom, u prvom dijelu dana i tokom no\u0107i.<\/p>\n<p>Jutarnja temperatura vazduha kreta\u0107e se od 2 do 15, najvi\u0161a dnevna od 10 do 23 stepena.<\/p>\n<p>U Podgorici \u0107e biti prete\u017eno sun\u010dano, uz povremeno umjeren sjeverni vjetar.<\/p>\n<p>Jutarnja temperatura vazduha bi\u0107e oko 14, najvi\u0161a dnevna do 22 stepena.<\/p>\n","protected":false},"excerpt":{"rendered":"<p>U Crnoj Gori\u0107e u ponedjeljak biti prete\u017eno sun\u010dano. Na sjeveru prijepodne bi\u0107e umjerena ili pove\u0107ana obla\u010dnost, a po kotlinama ponegdje je mogu\u0107a magla.<\/p>\n","protected":false},"author":1,"featured_media":413280,"comment_status":"open","ping_status":"closed","sticky":false,"template":"","format":"standard","meta":{"_seopress_robots_primary_cat":"none","_seopress_titles_title":"","_seopress_titles_desc":"","_seopress_robots_index":"","_et_pb_use_builder":"","_et_pb_old_content":"","_et_gb_content_width":"","inline_featured_image":false,"footnotes":""},"categories":[14],"tags":[],"class_list":["post-413277","post","type-post","status-publish","format-standard","has-post-thumbnail","hentry","category-vijesti"],"_links":{"self":[{"href":"https:\/\/www.pcnen.com\/portal\/wp-json\/wp\/v2\/posts\/413277","targetHints":{"allow":["GET"]}}],"collection":[{"href":"https:\/\/www.pcnen.com\/portal\/wp-json\/wp\/v2\/posts"}],"about":[{"href":"https:\/\/www.pcnen.com\/portal\/wp-json\/wp\/v2\/types\/post"}],"author":[{"embeddable":true,"href":"https:\/\/www.pcnen.com\/portal\/wp-json\/wp\/v2\/users\/1"}],"replies":[{"embeddable":true,"href":"https:\/\/www.pcnen.com\/portal\/wp-json\/wp\/v2\/comments?post=413277"}],"version-history":[{"count":1,"href":"https:\/\/www.pcnen.com\/portal\/wp-json\/wp\/v2\/posts\/413277\/revisions"}],"predecessor-version":[{"id":413281,"href":"https:\/\/www.pcnen.com\/portal\/wp-json\/wp\/v2\/posts\/413277\/revisions\/413281"}],"wp:featuredmedia":[{"embeddable":true,"href":"https:\/\/www.pcnen.com\/portal\/wp-json\/wp\/v2\/media\/413280"}],"wp:attachment":[{"href":"https:\/\/www.pcnen.com\/portal\/wp-json\/wp\/v2\/media?parent=413277"}],"wp:term":[{"taxonomy":"category","embeddable":true,"href":"https:\/\/www.pcnen.com\/portal\/wp-json\/wp\/v2\/categories?post=413277"},{"taxonomy":"post_tag","embeddable":true,"href":"https:\/\/www.pcnen.com\/portal\/wp-json\/wp\/v2\/tags?post=413277"}],"curies":[{"name":"wp","href":"https:\/\/api.w.org\/{rel}","templated":true}]}}