{"id":413234,"date":"2024-09-29T13:01:33","date_gmt":"2024-09-29T11:01:33","guid":{"rendered":"https:\/\/www.pcnen.com\/portal\/?p=413234"},"modified":"2024-09-29T13:02:06","modified_gmt":"2024-09-29T11:02:06","slug":"go-i-hra-admiral-vladimir-barovic-zasluzuje-da-glavni-grad-dobije-ulicu-po-njemu","status":"publish","type":"post","link":"https:\/\/www.pcnen.com\/portal\/2024\/09\/29\/go-i-hra-admiral-vladimir-barovic-zasluzuje-da-glavni-grad-dobije-ulicu-po-njemu\/","title":{"rendered":"GO i HRA: Admiral Vladimir Barovi\u0107 zaslu\u017euje da Glavni grad dobije ulicu po njemu"},"content":{"rendered":"<p>Danas se obilje\u017eavaju 33 godine od smrti kontraadmirala JNA Vladimira Barovi\u0107a, koji je 29. septembra 1991. godine izvr\u0161io samoubistvo na Visu, odbiv\u0161i naredbe da izvr\u0161i napad na primorske gradove u Hrvatskoj.<\/p>\n<p>O admiralu Barovi\u0107u i njegovoj ulozi 90ih premalo se zna u na\u0161oj javnosti. Njegovo ime ne pominje se u crnogorskim ud\u017ebenicima istorije, niti u Crnoj Gori postoji spomen-obilje\u017eje u njegovu \u010dast.<\/p>\n<p>Tokom 2016. godine posthumno je odlikovan od strane predsjednika Crne Gore, Filipa Vujanovi\u0107a, a 2023. godine je na ostrvu Vis u Hrvatskoj otkrivena spomen-plo\u010da sa ispisanim citatom iz njegovog opro\u0161tajnog pisma.<\/p>\n<p>Uva\u017eavaju\u0107i \u010dasni \u010din admirala Barovi\u0107a, Centar za gra\u0111ansko obrazovanje (CGO) i Akcija za ljudska prava (HRA) \u0107e uputiti inicijativu za imenovanje ulice po njemu u Glavnom gradu Podgorici, kako bi njegova li\u010dna \u017ertva i otpor bratoubila\u010dkom ratu ostali trajno upam\u0107eni.<\/p>\n<blockquote class=\"twitter-tweet\">\n<p dir=\"ltr\" lang=\"und\">\u2757\ufe0fAdmiral Vladimir Barovi\u0107 zaslu\u017euje da Glavni grad Podgorica imenuje ulicu po njemu<\/p>\n<p>Danas se obilje\u017eavaju 33 godine od smrti kontraadmirala JNA Vladimira Barovi\u0107a, koji je 29. septembra 1991. godine izvr\u0161io samoubistvo na Visu, odbiv\u0161i naredbe da izvr\u0161i napad na primorske\u2026 <a href=\"https:\/\/t.co\/2oc3VMzaEF\">pic.twitter.com\/2oc3VMzaEF<\/a><\/p>\n<p>\u2014 CGO &#8211; CCE (@CGOCCE) <a href=\"https:\/\/twitter.com\/CGOCCE\/status\/1840294586016518289?ref_src=twsrc%5Etfw\">September 29, 2024<\/a><\/p><\/blockquote>\n<p><script async src=\"https:\/\/platform.twitter.com\/widgets.js\" charset=\"utf-8\"><\/script><\/p>\n<p>&nbsp;<\/p>\n","protected":false},"excerpt":{"rendered":"<p>Danas se obilje\u017eavaju 33 godine od smrti kontraadmirala JNA Vladimira Barovi\u0107a, koji je 29. septembra 1991. godine izvr\u0161io samoubistvo na Visu, odbiv\u0161i naredbe da izvr\u0161i napad na primorske gradove u Hrvatskoj.<\/p>\n","protected":false},"author":1,"featured_media":381001,"comment_status":"open","ping_status":"closed","sticky":false,"template":"","format":"standard","meta":{"_seopress_robots_primary_cat":"none","_seopress_titles_title":"","_seopress_titles_desc":"","_seopress_robots_index":"","_et_pb_use_builder":"","_et_pb_old_content":"","_et_gb_content_width":"","inline_featured_image":false,"footnotes":""},"categories":[14],"tags":[],"class_list":["post-413234","post","type-post","status-publish","format-standard","has-post-thumbnail","hentry","category-vijesti"],"_links":{"self":[{"href":"https:\/\/www.pcnen.com\/portal\/wp-json\/wp\/v2\/posts\/413234","targetHints":{"allow":["GET"]}}],"collection":[{"href":"https:\/\/www.pcnen.com\/portal\/wp-json\/wp\/v2\/posts"}],"about":[{"href":"https:\/\/www.pcnen.com\/portal\/wp-json\/wp\/v2\/types\/post"}],"author":[{"embeddable":true,"href":"https:\/\/www.pcnen.com\/portal\/wp-json\/wp\/v2\/users\/1"}],"replies":[{"embeddable":true,"href":"https:\/\/www.pcnen.com\/portal\/wp-json\/wp\/v2\/comments?post=413234"}],"version-history":[{"count":2,"href":"https:\/\/www.pcnen.com\/portal\/wp-json\/wp\/v2\/posts\/413234\/revisions"}],"predecessor-version":[{"id":413238,"href":"https:\/\/www.pcnen.com\/portal\/wp-json\/wp\/v2\/posts\/413234\/revisions\/413238"}],"wp:featuredmedia":[{"embeddable":true,"href":"https:\/\/www.pcnen.com\/portal\/wp-json\/wp\/v2\/media\/381001"}],"wp:attachment":[{"href":"https:\/\/www.pcnen.com\/portal\/wp-json\/wp\/v2\/media?parent=413234"}],"wp:term":[{"taxonomy":"category","embeddable":true,"href":"https:\/\/www.pcnen.com\/portal\/wp-json\/wp\/v2\/categories?post=413234"},{"taxonomy":"post_tag","embeddable":true,"href":"https:\/\/www.pcnen.com\/portal\/wp-json\/wp\/v2\/tags?post=413234"}],"curies":[{"name":"wp","href":"https:\/\/api.w.org\/{rel}","templated":true}]}}