{"id":413210,"date":"2024-09-28T21:43:04","date_gmt":"2024-09-28T19:43:04","guid":{"rendered":"https:\/\/www.pcnen.com\/portal\/?p=413210"},"modified":"2024-09-28T21:43:37","modified_gmt":"2024-09-28T19:43:37","slug":"spacex-pokrenuo-misiju-spasavanja-dva-astronauta-zaglavljena-u-svemiru","status":"publish","type":"post","link":"https:\/\/www.pcnen.com\/portal\/2024\/09\/28\/spacex-pokrenuo-misiju-spasavanja-dva-astronauta-zaglavljena-u-svemiru\/","title":{"rendered":"SpaceX pokrenuo misiju spa\u0161avanja dva astronauta zaglavljena u svemiru"},"content":{"rendered":"<p>Svemirska kompanija Spejs Eks (SpaceX) pokrenula je danas misiju spa\u0161avanja dva astronauta koji su zaglavljeni na Me\u0111unarodnoj svemirskoj stanici.<\/p>\n<p>Kompanija je u svemir poslala posadu da vrati kuc\u0301i astronaute Ba\u010da Vilmora i Suni Vilijams, ali do kraja februara sljedec\u0301e godine, prenosi AP.<\/p>\n<p>Zaklju\u010dno sa februarom, par \u0107e biti vi\u0161e od osam mjeseci u svemiru, a kada su se prijavili za prvi Boingov let astronauta koji je lansiran u junu, o\u010dekivali su da c\u0301e otic\u0301i na nedjelju dana.<\/p>\n<p>Odgo\u0111eno zbog uragana Helena, koji je pogodio Floridu, najnovije lansiranje Spejs Eks-a bilo je prvo za astronaute iz Lansirnog kompleksa 40 na Stanici svemirskih snaga Kejp Kanaveral na Floridi, pi\u0161e Tanjug.<\/p>\n<blockquote class=\"wp-embedded-content\" data-secret=\"e4fAiHf38S\"><p><a href=\"https:\/\/www.pcnen.com\/portal\/\">Po\u010detna<\/a><\/p><\/blockquote>\n<p><iframe loading=\"lazy\" class=\"wp-embedded-content\" sandbox=\"allow-scripts\" security=\"restricted\" style=\"position: absolute; visibility: hidden;\" title=\"&#8220;Po\u010detna&#8221; &#8212; PCNEN\" src=\"https:\/\/www.pcnen.com\/portal\/embed\/#?secret=sPSkmitSiQ#?secret=e4fAiHf38S\" data-secret=\"e4fAiHf38S\" width=\"600\" height=\"338\" frameborder=\"0\" marginwidth=\"0\" marginheight=\"0\" scrolling=\"no\"><\/iframe><\/p>\n","protected":false},"excerpt":{"rendered":"<p>\u00a0Svemirska kompanija Spejs Eks (SpaceX) pokrenula je danas misiju spa\u0161avanja dva astronauta koji su zaglavljeni na Me\u0111unarodnoj svemirskoj stanici.<\/p>\n","protected":false},"author":1,"featured_media":410555,"comment_status":"open","ping_status":"closed","sticky":false,"template":"","format":"standard","meta":{"_seopress_robots_primary_cat":"none","_seopress_titles_title":"","_seopress_titles_desc":"","_seopress_robots_index":"","_et_pb_use_builder":"","_et_pb_old_content":"","_et_gb_content_width":"","inline_featured_image":false,"footnotes":""},"categories":[14],"tags":[],"class_list":["post-413210","post","type-post","status-publish","format-standard","has-post-thumbnail","hentry","category-vijesti"],"_links":{"self":[{"href":"https:\/\/www.pcnen.com\/portal\/wp-json\/wp\/v2\/posts\/413210","targetHints":{"allow":["GET"]}}],"collection":[{"href":"https:\/\/www.pcnen.com\/portal\/wp-json\/wp\/v2\/posts"}],"about":[{"href":"https:\/\/www.pcnen.com\/portal\/wp-json\/wp\/v2\/types\/post"}],"author":[{"embeddable":true,"href":"https:\/\/www.pcnen.com\/portal\/wp-json\/wp\/v2\/users\/1"}],"replies":[{"embeddable":true,"href":"https:\/\/www.pcnen.com\/portal\/wp-json\/wp\/v2\/comments?post=413210"}],"version-history":[{"count":2,"href":"https:\/\/www.pcnen.com\/portal\/wp-json\/wp\/v2\/posts\/413210\/revisions"}],"predecessor-version":[{"id":413214,"href":"https:\/\/www.pcnen.com\/portal\/wp-json\/wp\/v2\/posts\/413210\/revisions\/413214"}],"wp:featuredmedia":[{"embeddable":true,"href":"https:\/\/www.pcnen.com\/portal\/wp-json\/wp\/v2\/media\/410555"}],"wp:attachment":[{"href":"https:\/\/www.pcnen.com\/portal\/wp-json\/wp\/v2\/media?parent=413210"}],"wp:term":[{"taxonomy":"category","embeddable":true,"href":"https:\/\/www.pcnen.com\/portal\/wp-json\/wp\/v2\/categories?post=413210"},{"taxonomy":"post_tag","embeddable":true,"href":"https:\/\/www.pcnen.com\/portal\/wp-json\/wp\/v2\/tags?post=413210"}],"curies":[{"name":"wp","href":"https:\/\/api.w.org\/{rel}","templated":true}]}}