{"id":413201,"date":"2024-09-28T20:29:34","date_gmt":"2024-09-28T18:29:34","guid":{"rendered":"https:\/\/www.pcnen.com\/portal\/?p=413201"},"modified":"2024-09-28T20:29:34","modified_gmt":"2024-09-28T18:29:34","slug":"zivkovic-predao-spisak-dvostrukih-biraca-odt-formiralo-predmet","status":"publish","type":"post","link":"https:\/\/www.pcnen.com\/portal\/2024\/09\/28\/zivkovic-predao-spisak-dvostrukih-biraca-odt-formiralo-predmet\/","title":{"rendered":"\u017divkovi\u0107 predao spisak \u2018dvostrukih\u2019 bira\u010da, ODT formiralo predmet"},"content":{"rendered":"<p>Osnovno dr\u017eavno tu\u017eila\u0161tvo u Podgorici formiralo je predmet nakon \u0161to je predsjednik Demokratske partije socijalista (DPS) Danijel \u017divkovi\u0107 predao Odjeljenju bezbjednosti Podgorica spisak sa 2.300 imena, za koje u toj partiji vjeruju da ostvaruju bira\u010dko pravo u Srbiji, Republici Srpskoj i Crnoj Gori.<\/p>\n<p>\u017divkovi\u0107 je, prema podacima iz policije, odbio da u svojstvu gra\u0111anina odgovara na pitanja inspektora ve\u0107 je samo ostavio spisak sa 2.300 imena.<\/p>\n<p>\u017divkovi\u0107, nakon \u0161to je predao spisak, novinarima ispred OB Podgorica rekao je da o\u010dekuje od nadle\u017enih dr\u017eavnih organa da po ovoj informaciji postupe u najhitnijem mogu\u0107em roku.<\/p>\n<p>&#8220;S obzirom na to da nas sjutra o\u010dekuje izborni dan, mi \u0107emo u skladu sa onim \u0161to su na\u0161e informacije detaljno obavje\u0161tavati javnost, Dr\u017eavnu izbornu komisiju, nevladin sektor i Upravu policije, posebno sa onim \u010dinjenicama i licima za koje sada ve\u0107 pouzdavno znamo da su pre\u0161la granicu i koja dolaze u Crnu Goru da obave svoje bira\u010dko pravo, a o tome \u0107ete sjutra tokom dana imati prilike da budete detaljno obavije\u0161teni&#8221;,<a href=\"https:\/\/www.vijesti.me\/vijesti\/crna-hronika\/726219\/odt-podgorica-formiralo-predmet-nakon-sto-je-lider-dps-a-predao-spisak-dvostrukih-biraca\"> kazao je \u017divkovi\u0107, prenose Vijesti.<\/a><\/p>\n<p>On je rekao da je danas do\u0161ao OB, po\u0161to je Osnovno dr\u017eavno tu\u017eil\u0161tvo zatra\u017eilo informacije na osnovu onoga \u0161to je re\u010deno na press konferenciji DPS-a u Skup\u0161tini.<\/p>\n<p>&#8220;Tu informaciju sam danas i dostavio. Dostavljeno je 2.300 imena, kao \u0161to sam i kazao, onih lica koji ostvaruju svoje bira\u010dko pravo u ove tri dr\u017eave, dakle koji nelegalno ostvaruju bira\u010dko pravo u Crnoj Gori, a bi\u0107e ih siguran sam u narednom periodu i vi\u0161e, ali to je ono \u0161to je do sada obra\u0111eno&#8221;, naveo je \u017divkovi\u0107.<\/p>\n<p>Na pitanje da li ovim kr\u0161e izbornu ti\u0161inu i za\u0161to spisak nijesu ju\u010de dostavili CB-u, odgovorio je da su ju\u010de imali mnogo obaveza i da je bila zavr\u0161na konvencija Demokratske partije socijalista.<\/p>\n<p>\u017divkovi\u0107 je u srijedu na konferenciji za novinare rekao da ta partija posjeduje &#8220;nepobitne dokaze&#8221; da se preko 2.300 osoba koje imaju glasa\u010dko pravo u Srbiji i entitetu Bosne i Hercegovine (BiH), nalazi u bira\u010dkom spisku za izbore u Podgorici. Poru\u010dio je da DPS ne\u0107e dozvoliti tim ljudima da glasaju, ali nije rekao kako, ve\u0107 je najavio da \u0107e njihova imena dostaviti &#8220;nadle\u017enom tu\u017eila\u0161tvu&#8221; i bira\u010dkim odborima.<\/p>\n<p>Vijesti su objavile da je DPS utvrdio da se me\u0111u onima koji imaju bira\u010dko pravo i u Podgorici i u Srbiji nalaze neki poslanici, kandidati za odbornike na izborima u Podgorici i \u010dlanovi njihovih porodica, poznati biznismeni, istaknuti biv\u0161i i sada\u0161nji sportisti, profesori, novinari, ljekari..<\/p>\n<p>Me\u0111u onima koji mogu da glasaju i u glavnom gradu i u RS-u, nema \u0161iroj javnosti poznatijih imena. Polovina njih upisana je u bira\u010dki spisak u Banjaluci, oko dvadesetak u Bijeljini, blizu dvadeset u \u010celincu i Dobiju, po desetak u Prijedoru i Palama&#8230;<\/p>\n<blockquote class=\"wp-embedded-content\" data-secret=\"kuzZv7J6nC\"><p><a href=\"https:\/\/www.pcnen.com\/portal\/2024\/09\/25\/zivkovic-na-birackom-spisku-u-pg-vise-od-3-300-osoba-sa-pravom-glasa-u-rs-i-srbiji\/\">\u017divkovi\u0107: Na bira\u010dkom spisku u PG vi\u0161e od 3.300 osoba sa pravom glasa u RS i Srbiji<\/a><\/p><\/blockquote>\n<p><iframe loading=\"lazy\" class=\"wp-embedded-content\" sandbox=\"allow-scripts\" security=\"restricted\" style=\"position: absolute; visibility: hidden;\" title=\"&#8220;\u017divkovi\u0107: Na bira\u010dkom spisku u PG vi\u0161e od 3.300 osoba sa pravom glasa u RS i Srbiji&#8221; &#8212; PCNEN\" src=\"https:\/\/www.pcnen.com\/portal\/2024\/09\/25\/zivkovic-na-birackom-spisku-u-pg-vise-od-3-300-osoba-sa-pravom-glasa-u-rs-i-srbiji\/embed\/#?secret=yspoeaxYpL#?secret=kuzZv7J6nC\" data-secret=\"kuzZv7J6nC\" width=\"600\" height=\"338\" frameborder=\"0\" marginwidth=\"0\" marginheight=\"0\" scrolling=\"no\"><\/iframe><\/p>\n","protected":false},"excerpt":{"rendered":"<p>Osnovno dr\u017eavno tu\u017eila\u0161tvo u Podgorici formiralo je predmet nakon \u0161to je predsjednik Demokratske partije socijalista (DPS) Danijel \u017divkovi\u0107 predao Odjeljenju bezbjednosti Podgorica spisak sa 2.300 imena, za koje u toj partiji vjeruju da ostvaruju bira\u010dko pravo u Srbiji, Republici Srpskoj i Crnoj Gori.<\/p>\n","protected":false},"author":1,"featured_media":354932,"comment_status":"open","ping_status":"closed","sticky":false,"template":"","format":"standard","meta":{"_seopress_robots_primary_cat":"none","_seopress_titles_title":"","_seopress_titles_desc":"","_seopress_robots_index":"","_et_pb_use_builder":"","_et_pb_old_content":"","_et_gb_content_width":"","inline_featured_image":false,"footnotes":""},"categories":[14],"tags":[],"class_list":["post-413201","post","type-post","status-publish","format-standard","has-post-thumbnail","hentry","category-vijesti"],"_links":{"self":[{"href":"https:\/\/www.pcnen.com\/portal\/wp-json\/wp\/v2\/posts\/413201","targetHints":{"allow":["GET"]}}],"collection":[{"href":"https:\/\/www.pcnen.com\/portal\/wp-json\/wp\/v2\/posts"}],"about":[{"href":"https:\/\/www.pcnen.com\/portal\/wp-json\/wp\/v2\/types\/post"}],"author":[{"embeddable":true,"href":"https:\/\/www.pcnen.com\/portal\/wp-json\/wp\/v2\/users\/1"}],"replies":[{"embeddable":true,"href":"https:\/\/www.pcnen.com\/portal\/wp-json\/wp\/v2\/comments?post=413201"}],"version-history":[{"count":1,"href":"https:\/\/www.pcnen.com\/portal\/wp-json\/wp\/v2\/posts\/413201\/revisions"}],"predecessor-version":[{"id":413204,"href":"https:\/\/www.pcnen.com\/portal\/wp-json\/wp\/v2\/posts\/413201\/revisions\/413204"}],"wp:featuredmedia":[{"embeddable":true,"href":"https:\/\/www.pcnen.com\/portal\/wp-json\/wp\/v2\/media\/354932"}],"wp:attachment":[{"href":"https:\/\/www.pcnen.com\/portal\/wp-json\/wp\/v2\/media?parent=413201"}],"wp:term":[{"taxonomy":"category","embeddable":true,"href":"https:\/\/www.pcnen.com\/portal\/wp-json\/wp\/v2\/categories?post=413201"},{"taxonomy":"post_tag","embeddable":true,"href":"https:\/\/www.pcnen.com\/portal\/wp-json\/wp\/v2\/tags?post=413201"}],"curies":[{"name":"wp","href":"https:\/\/api.w.org\/{rel}","templated":true}]}}