{"id":413197,"date":"2024-09-28T19:16:03","date_gmt":"2024-09-28T17:16:03","guid":{"rendered":"https:\/\/www.pcnen.com\/portal\/?p=413197"},"modified":"2024-09-28T19:16:03","modified_gmt":"2024-09-28T17:16:03","slug":"oko-90-drzava-pokrenulo-inicijativu-za-priznanje-palestine","status":"publish","type":"post","link":"https:\/\/www.pcnen.com\/portal\/2024\/09\/28\/oko-90-drzava-pokrenulo-inicijativu-za-priznanje-palestine\/","title":{"rendered":"Oko 90 dr\u017eava pokrenulo inicijativu za priznanje Palestine"},"content":{"rendered":"<p>Oko 90 dr\u017eava je pokrenulo inicijativu za pokretanje &#8220;Globalnog saveza za implementaciju palestinske dr\u017eave i rje\u0161enja s dvije dr\u017eave &#8211; palestinske uz Izrael&#8221;.<\/p>\n<p>Ministar spoljnih poslova Norve\u0161ke Espen Bart Eide objavio je da su predstavnici tih dr\u017eava odr\u017eali sastanak tokom zasijedanja Generalne skup\u0161tine UN u Njujorku i da su kopredsedavali on i ministar spoljnih poslova Saudijske Arabije.<\/p>\n<p>&#8220;Moramo da vidimo kako da iza\u0111emo iz c\u0301orsokaka i poku\u0161amo da ovu duboku krizu iskoristimo kao priliku da krenemo naprijed&#8221;, rekao je Eide, prenosi Beta.<\/p>\n<p>On je rekao za Aso\u0161ijeted pres da &#8220;postoji sve vec\u0301i konsenzus u me\u0111unarodnoj zajednici &#8211; zapadnih zemalja, arapskih zemalja, sa globalnog Juga da se mora uspostaviti palestinska vlada i dr\u017eava, te da Palestina mora biti priznata&#8221;.<\/p>\n<p>U okviru inicijative cilj je i priprema za period posle rata u Gazi i u Libanu.<\/p>\n<p>Eide je rekao da se treba pozabaviti mnogim pitanjima, uklju\u010dujuc\u0301i bezbijednosne interese i Izraela i Palestinaca, obostrano priznanje i normalizaciju odnosa posle decenija sukoba, kao i da Hamas mora biti razoru\u017ean.<\/p>\n<p>&#8220;Ovo su djelovi vec\u0301e slagalice. Zato ne mo\u017eete da do\u0111ete samo sa jednim od djelova, jer to funkcioni\u0161e samo ako su svi djelovi postavljeni na svoje mjesto&#8221;, rekao je on.<\/p>\n<p>Me\u0111utim, \u010dak i da &#8220;slagalica&#8221; bude kompletna, malo je vjerovatno da \u0107e nai\u0107i na odobravanje izraelskog premijera Benjamina Netanjahua.<\/p>\n<p>Ipak, Eide vjeruje da se posle decenija neuspje\u0161nih pregovora mora na\u0107i novi pristup za formiranje palestinske dr\u017eave.<\/p>\n","protected":false},"excerpt":{"rendered":"<p>Oko 90 dr\u017eava je pokrenulo inicijativu za pokretanje &#8220;Globalnog saveza za implementaciju palestinske dr\u017eave i rje\u0161enja s dvije dr\u017eave &#8211; palestinske uz Izrael&#8221;.<\/p>\n","protected":false},"author":1,"featured_media":391667,"comment_status":"open","ping_status":"closed","sticky":false,"template":"","format":"standard","meta":{"_seopress_robots_primary_cat":"none","_seopress_titles_title":"","_seopress_titles_desc":"","_seopress_robots_index":"","_et_pb_use_builder":"","_et_pb_old_content":"","_et_gb_content_width":"","inline_featured_image":false,"footnotes":""},"categories":[14],"tags":[],"class_list":["post-413197","post","type-post","status-publish","format-standard","has-post-thumbnail","hentry","category-vijesti"],"_links":{"self":[{"href":"https:\/\/www.pcnen.com\/portal\/wp-json\/wp\/v2\/posts\/413197","targetHints":{"allow":["GET"]}}],"collection":[{"href":"https:\/\/www.pcnen.com\/portal\/wp-json\/wp\/v2\/posts"}],"about":[{"href":"https:\/\/www.pcnen.com\/portal\/wp-json\/wp\/v2\/types\/post"}],"author":[{"embeddable":true,"href":"https:\/\/www.pcnen.com\/portal\/wp-json\/wp\/v2\/users\/1"}],"replies":[{"embeddable":true,"href":"https:\/\/www.pcnen.com\/portal\/wp-json\/wp\/v2\/comments?post=413197"}],"version-history":[{"count":1,"href":"https:\/\/www.pcnen.com\/portal\/wp-json\/wp\/v2\/posts\/413197\/revisions"}],"predecessor-version":[{"id":413200,"href":"https:\/\/www.pcnen.com\/portal\/wp-json\/wp\/v2\/posts\/413197\/revisions\/413200"}],"wp:featuredmedia":[{"embeddable":true,"href":"https:\/\/www.pcnen.com\/portal\/wp-json\/wp\/v2\/media\/391667"}],"wp:attachment":[{"href":"https:\/\/www.pcnen.com\/portal\/wp-json\/wp\/v2\/media?parent=413197"}],"wp:term":[{"taxonomy":"category","embeddable":true,"href":"https:\/\/www.pcnen.com\/portal\/wp-json\/wp\/v2\/categories?post=413197"},{"taxonomy":"post_tag","embeddable":true,"href":"https:\/\/www.pcnen.com\/portal\/wp-json\/wp\/v2\/tags?post=413197"}],"curies":[{"name":"wp","href":"https:\/\/api.w.org\/{rel}","templated":true}]}}