{"id":413182,"date":"2024-09-28T16:20:26","date_gmt":"2024-09-28T14:20:26","guid":{"rendered":"https:\/\/www.pcnen.com\/portal\/?p=413182"},"modified":"2024-09-28T16:20:26","modified_gmt":"2024-09-28T14:20:26","slug":"zavrsen-12-montenegro-prajd","status":"publish","type":"post","link":"https:\/\/www.pcnen.com\/portal\/2024\/09\/28\/zavrsen-12-montenegro-prajd\/","title":{"rendered":"Zavr\u0161en 12. Montenegro Prajd"},"content":{"rendered":"<p>Dvanaesti Montenegro Prajd, pod sloganom \u201c\u0110e su na\u0161a prava?\u201d, odr\u017ean je danas u Podgorici.<\/p>\n<p>Nakon govora na Trgu nezavisnosti u\u010desnici su \u0161etali ulicama u strogom centru Podgorice.<\/p>\n<p>Okupljeni su pro\u0161etati Ulicom slobode, Bulevarom Svetog Petra Cetinjskog, Bulevarom Stanka Dragojevi\u0107a, Boke\u0161kom ulicom, ulicom Miljana Vukova, Trgom Bal\u0161i\u0107a, Vu\u010dedolskom ulicom i Ulicom slobode.<\/p>\n<p>Nosili su transparente: &#8220;\u0110e su na\u0161a prava?&#8221;, &#8220;Okle toliko suicida&#8221;, &#8220;Pravda za sve&#8221;&#8230;<\/p>\n<p>Skupu je prisustvovao i ministar ljudskih i manjinskih prava Fatmir \u0110eka.<\/p>\n<p>Organizatori povorke kazali su ranije da je cilj doga\u0111aja da skrene pa\u017enju na prava LGBT+ zajednice i njihovu borbu za ravnopravnost i samoodre\u0111enje, uz naglasak na klju\u010dne zahtjeve za usvajanje Zakona o pravnom prepoznavanju rodnog identiteta na osnovu samoodre\u0111enja.<\/p>\n<blockquote class=\"wp-embedded-content\" data-secret=\"N39QcC4Uvi\"><p><a href=\"https:\/\/www.pcnen.com\/portal\/2024\/09\/28\/montenegro-prajd-zatvorio-vise-ulica-za-saobracaj\/\">Montenegro prajd zatvorio vi\u0161e ulica za saobra\u0107aj<\/a><\/p><\/blockquote>\n<p><iframe loading=\"lazy\" class=\"wp-embedded-content\" sandbox=\"allow-scripts\" security=\"restricted\" style=\"position: absolute; visibility: hidden;\" title=\"&#8220;Montenegro prajd zatvorio vi\u0161e ulica za saobra\u0107aj&#8221; &#8212; PCNEN\" src=\"https:\/\/www.pcnen.com\/portal\/2024\/09\/28\/montenegro-prajd-zatvorio-vise-ulica-za-saobracaj\/embed\/#?secret=fNMO1niU8c#?secret=N39QcC4Uvi\" data-secret=\"N39QcC4Uvi\" width=\"600\" height=\"338\" frameborder=\"0\" marginwidth=\"0\" marginheight=\"0\" scrolling=\"no\"><\/iframe><\/p>\n","protected":false},"excerpt":{"rendered":"<p>Dvanaesti Montenegro Prajd, pod sloganom \u201c\u0110e su na\u0161a prava?\u201d, odr\u017ean je danas u Podgorici.<\/p>\n","protected":false},"author":1,"featured_media":413111,"comment_status":"open","ping_status":"closed","sticky":false,"template":"","format":"standard","meta":{"_seopress_robots_primary_cat":"none","_seopress_titles_title":"","_seopress_titles_desc":"","_seopress_robots_index":"","_et_pb_use_builder":"","_et_pb_old_content":"","_et_gb_content_width":"","inline_featured_image":false,"footnotes":""},"categories":[14],"tags":[],"class_list":["post-413182","post","type-post","status-publish","format-standard","has-post-thumbnail","hentry","category-vijesti"],"_links":{"self":[{"href":"https:\/\/www.pcnen.com\/portal\/wp-json\/wp\/v2\/posts\/413182","targetHints":{"allow":["GET"]}}],"collection":[{"href":"https:\/\/www.pcnen.com\/portal\/wp-json\/wp\/v2\/posts"}],"about":[{"href":"https:\/\/www.pcnen.com\/portal\/wp-json\/wp\/v2\/types\/post"}],"author":[{"embeddable":true,"href":"https:\/\/www.pcnen.com\/portal\/wp-json\/wp\/v2\/users\/1"}],"replies":[{"embeddable":true,"href":"https:\/\/www.pcnen.com\/portal\/wp-json\/wp\/v2\/comments?post=413182"}],"version-history":[{"count":1,"href":"https:\/\/www.pcnen.com\/portal\/wp-json\/wp\/v2\/posts\/413182\/revisions"}],"predecessor-version":[{"id":413185,"href":"https:\/\/www.pcnen.com\/portal\/wp-json\/wp\/v2\/posts\/413182\/revisions\/413185"}],"wp:featuredmedia":[{"embeddable":true,"href":"https:\/\/www.pcnen.com\/portal\/wp-json\/wp\/v2\/media\/413111"}],"wp:attachment":[{"href":"https:\/\/www.pcnen.com\/portal\/wp-json\/wp\/v2\/media?parent=413182"}],"wp:term":[{"taxonomy":"category","embeddable":true,"href":"https:\/\/www.pcnen.com\/portal\/wp-json\/wp\/v2\/categories?post=413182"},{"taxonomy":"post_tag","embeddable":true,"href":"https:\/\/www.pcnen.com\/portal\/wp-json\/wp\/v2\/tags?post=413182"}],"curies":[{"name":"wp","href":"https:\/\/api.w.org\/{rel}","templated":true}]}}