{"id":413175,"date":"2024-09-28T14:32:11","date_gmt":"2024-09-28T12:32:11","guid":{"rendered":"https:\/\/www.pcnen.com\/portal\/?p=413175"},"modified":"2024-09-28T14:32:45","modified_gmt":"2024-09-28T12:32:45","slug":"danas-je-medjunarodni-dan-bosnjaka","status":"publish","type":"post","link":"https:\/\/www.pcnen.com\/portal\/2024\/09\/28\/danas-je-medjunarodni-dan-bosnjaka\/","title":{"rendered":"Danas je Me\u0111unarodni dan Bo\u0161njaka"},"content":{"rendered":"<p>Prvi bo\u0161nja\u010dki sabor je odr\u017ean 1993. godine u okupiranom Sarajevu.<\/p>\n<p>Na saboru, koji je odr\u017ean u Sarajevu, 27. i 28. septembra 1993. godine, usvojena je Deklaracija kojom je bo\u0161nja\u010dkom narodu vra\u0107eno nacionalno ime \u2013 Bo\u0161njak, a maternji jezik ponovo je nazvan svojim pravim imenom.<\/p>\n<p>Usvajanjem Deklaracije potvr\u0111ena je kona\u010dno nacionalna zrelost Bo\u0161njaka kao politi\u010dki suverenog i kulturno posebnog naroda.<\/p>\n<p>Na sjednici Nacionalnog savjeta za nacionalne manjine na inicijativu tada\u0161nje predsjednice BNV-a dr. Misale Pramenkovi\u0107 usvojena je odluka o potvr\u0111ivanju 28. septembra za Dan Bo\u0161njaka.<\/p>\n","protected":false},"excerpt":{"rendered":"<p>Prvi bo\u0161nja\u010dki sabor je odr\u017ean 1993. godine u okupiranom Sarajevu.<\/p>\n","protected":false},"author":1,"featured_media":413179,"comment_status":"open","ping_status":"closed","sticky":false,"template":"","format":"standard","meta":{"_seopress_robots_primary_cat":"none","_seopress_titles_title":"","_seopress_titles_desc":"","_seopress_robots_index":"","_et_pb_use_builder":"","_et_pb_old_content":"","_et_gb_content_width":"","inline_featured_image":false,"footnotes":""},"categories":[14],"tags":[],"class_list":["post-413175","post","type-post","status-publish","format-standard","has-post-thumbnail","hentry","category-vijesti"],"_links":{"self":[{"href":"https:\/\/www.pcnen.com\/portal\/wp-json\/wp\/v2\/posts\/413175","targetHints":{"allow":["GET"]}}],"collection":[{"href":"https:\/\/www.pcnen.com\/portal\/wp-json\/wp\/v2\/posts"}],"about":[{"href":"https:\/\/www.pcnen.com\/portal\/wp-json\/wp\/v2\/types\/post"}],"author":[{"embeddable":true,"href":"https:\/\/www.pcnen.com\/portal\/wp-json\/wp\/v2\/users\/1"}],"replies":[{"embeddable":true,"href":"https:\/\/www.pcnen.com\/portal\/wp-json\/wp\/v2\/comments?post=413175"}],"version-history":[{"count":2,"href":"https:\/\/www.pcnen.com\/portal\/wp-json\/wp\/v2\/posts\/413175\/revisions"}],"predecessor-version":[{"id":413181,"href":"https:\/\/www.pcnen.com\/portal\/wp-json\/wp\/v2\/posts\/413175\/revisions\/413181"}],"wp:featuredmedia":[{"embeddable":true,"href":"https:\/\/www.pcnen.com\/portal\/wp-json\/wp\/v2\/media\/413179"}],"wp:attachment":[{"href":"https:\/\/www.pcnen.com\/portal\/wp-json\/wp\/v2\/media?parent=413175"}],"wp:term":[{"taxonomy":"category","embeddable":true,"href":"https:\/\/www.pcnen.com\/portal\/wp-json\/wp\/v2\/categories?post=413175"},{"taxonomy":"post_tag","embeddable":true,"href":"https:\/\/www.pcnen.com\/portal\/wp-json\/wp\/v2\/tags?post=413175"}],"curies":[{"name":"wp","href":"https:\/\/api.w.org\/{rel}","templated":true}]}}