{"id":413162,"date":"2024-09-28T08:31:43","date_gmt":"2024-09-28T06:31:43","guid":{"rendered":"https:\/\/www.pcnen.com\/portal\/?p=413162"},"modified":"2024-09-28T08:31:43","modified_gmt":"2024-09-28T06:31:43","slug":"montenegro-prajd-zatvorio-vise-ulica-za-saobracaj","status":"publish","type":"post","link":"https:\/\/www.pcnen.com\/portal\/2024\/09\/28\/montenegro-prajd-zatvorio-vise-ulica-za-saobracaj\/","title":{"rendered":"Montenegro prajd zatvorio vi\u0161e ulica za saobra\u0107aj"},"content":{"rendered":"<p>Povodom Dvanaeste Povorke ponosa LGBT osoba \u201eMontenegro Pride 2024.\u201c, koja se odr\u017eava danas sa po\u010detkom u 13 \u010dasova, na Trgu Nezavisnosti u Podgorici, u organizaciji \u201eQueer Montenegro\u201c, vi\u0161e ulica od 12 \u010dasova bi\u0107e zatvoreni za saobra\u0107aj, saop\u0161teno je iz Uprave policije.<\/p>\n<p>Zatvoreni za saobra\u0107aj su: Bulevar Svetog Petra Cetinjskog, zatim od raskrsnice ulice Marka Miljanova do raskrsnice ulice Jovana Toma\u0161evi\u0107a, Bulevar Stanka Dragojevi\u0107a, Ulica slobode, ulica Miljana Vukova, ulica Novaka Milo\u0161eva, ulica Bal\u0161i\u0107a, Hercegova\u010dka ulica, Trg Bal\u0161i\u0107a, Vu\u010dedolska ulica i Kara\u0111or\u0111eva ulica.<\/p>\n<p>&#8220;Ove ulice bi\u0107e povremeno otvorene za saobra\u0107aj shodno procjeni rukovodioca obezbe\u0111enja&#8221;, navodi se u saop\u0161tenju policije.<\/p>\n<p>&nbsp;<\/p>\n<blockquote class=\"wp-embedded-content\" data-secret=\"gVACxSWiu4\"><p><a href=\"https:\/\/www.pcnen.com\/portal\/2024\/09\/27\/montenegro-prajda-sjutra-u-podgorici\/\">Montenegro Prajda sjutra u Podgorici<\/a><\/p><\/blockquote>\n<p><iframe loading=\"lazy\" class=\"wp-embedded-content\" sandbox=\"allow-scripts\" security=\"restricted\" style=\"position: absolute; visibility: hidden;\" title=\"&#8220;Montenegro Prajda sjutra u Podgorici&#8221; &#8212; PCNEN\" src=\"https:\/\/www.pcnen.com\/portal\/2024\/09\/27\/montenegro-prajda-sjutra-u-podgorici\/embed\/#?secret=HAxuUF8XLL#?secret=gVACxSWiu4\" data-secret=\"gVACxSWiu4\" width=\"600\" height=\"338\" frameborder=\"0\" marginwidth=\"0\" marginheight=\"0\" scrolling=\"no\"><\/iframe><\/p>\n","protected":false},"excerpt":{"rendered":"<p>Povodom Dvanaeste Povorke ponosa LGBT osoba \u201eMontenegro Pride 2024.\u201c, koja se odr\u017eava danas sa po\u010detkom u 13 \u010dasova, na Trgu Nezavisnosti u Podgorici, u organizaciji \u201eQueer Montenegro\u201c, vi\u0161e ulica od 12 \u010dasova bi\u0107e zatvoreni za saobra\u0107aj, saop\u0161teno je iz Uprave policije.<\/p>\n","protected":false},"author":1,"featured_media":413111,"comment_status":"open","ping_status":"closed","sticky":false,"template":"","format":"standard","meta":{"_seopress_robots_primary_cat":"none","_seopress_titles_title":"","_seopress_titles_desc":"","_seopress_robots_index":"","_et_pb_use_builder":"","_et_pb_old_content":"","_et_gb_content_width":"","inline_featured_image":false,"footnotes":""},"categories":[14],"tags":[],"class_list":["post-413162","post","type-post","status-publish","format-standard","has-post-thumbnail","hentry","category-vijesti"],"_links":{"self":[{"href":"https:\/\/www.pcnen.com\/portal\/wp-json\/wp\/v2\/posts\/413162","targetHints":{"allow":["GET"]}}],"collection":[{"href":"https:\/\/www.pcnen.com\/portal\/wp-json\/wp\/v2\/posts"}],"about":[{"href":"https:\/\/www.pcnen.com\/portal\/wp-json\/wp\/v2\/types\/post"}],"author":[{"embeddable":true,"href":"https:\/\/www.pcnen.com\/portal\/wp-json\/wp\/v2\/users\/1"}],"replies":[{"embeddable":true,"href":"https:\/\/www.pcnen.com\/portal\/wp-json\/wp\/v2\/comments?post=413162"}],"version-history":[{"count":1,"href":"https:\/\/www.pcnen.com\/portal\/wp-json\/wp\/v2\/posts\/413162\/revisions"}],"predecessor-version":[{"id":413165,"href":"https:\/\/www.pcnen.com\/portal\/wp-json\/wp\/v2\/posts\/413162\/revisions\/413165"}],"wp:featuredmedia":[{"embeddable":true,"href":"https:\/\/www.pcnen.com\/portal\/wp-json\/wp\/v2\/media\/413111"}],"wp:attachment":[{"href":"https:\/\/www.pcnen.com\/portal\/wp-json\/wp\/v2\/media?parent=413162"}],"wp:term":[{"taxonomy":"category","embeddable":true,"href":"https:\/\/www.pcnen.com\/portal\/wp-json\/wp\/v2\/categories?post=413162"},{"taxonomy":"post_tag","embeddable":true,"href":"https:\/\/www.pcnen.com\/portal\/wp-json\/wp\/v2\/tags?post=413162"}],"curies":[{"name":"wp","href":"https:\/\/api.w.org\/{rel}","templated":true}]}}