{"id":413140,"date":"2024-09-27T19:53:36","date_gmt":"2024-09-27T17:53:36","guid":{"rendered":"https:\/\/www.pcnen.com\/portal\/?p=413140"},"modified":"2024-09-27T19:53:36","modified_gmt":"2024-09-27T17:53:36","slug":"hra-saslusana-cetiri-svjedoka-u-jedinom-aktuelnom-predmetu-ratnog-zlocina","status":"publish","type":"post","link":"https:\/\/www.pcnen.com\/portal\/2024\/09\/27\/hra-saslusana-cetiri-svjedoka-u-jedinom-aktuelnom-predmetu-ratnog-zlocina\/","title":{"rendered":"HRA: Saslu\u0161ana \u010detiri svjedoka u jedinom aktuelnom predmetu ratnog zlo\u010dina"},"content":{"rendered":"<p>Danas je u Vi\u0161em sudu u Podgorici nastavljeno su\u0111enje Slobodanu Pekovi\u0107u, crnogorskom dr\u017eavljaninu koji je optu\u017een za ratni zlo\u010din protiv civilnog stanovni\u0161tva u BiH. On se tereti da je kao vojnik Vojske Republike Srpske u junu 1992. godine ubio Muja i Eminu \u0160abanovi\u0107 u selu Hum kod Fo\u010de, te silovao \u017eenu bo\u0161nja\u010dke nacionalnosti.<\/p>\n<p>Prilikom izno\u0161enja odbrane, Pekovi\u0107 je negirao krivicu, navode\u0107i da na dan ubistva Muja i Emine \u0160abanovi\u0107 nije bio u selu Hum, ve\u0107 u Plu\u017einama gdje se potukao sa Obrenom Gojkovi\u0107em i cijeli dan proveo u policijskoj stanici. Na te okolnosti danas su saslu\u0161ana \u010detiri svjedoka \u2013 Esad \u0160aboti\u0107 koji je toga dana bio de\u017eurni slu\u017ebenik u Slu\u017ebi unutra\u0161njih poslova u Plu\u017einama (SUP); Veselin Bakra\u010d \u2013 slu\u017ebenik koji je Pekovi\u0107a toga dana priveo u stanicu policije; Sreten Dubljevi\u0107 \u2013 tada\u0161nji na\u010delnik SUP-a u Plu\u017einama i pomenuti Obren Gojkovi\u0107.<\/p>\n<p>Esad \u0160aboti\u0107\u00a0je svjedo\u010dio da je Pekovi\u0107a te 1992. godine poznavao iz vi\u0111enja, te da se sje\u0107a njegove tu\u010de sa Gojkovi\u0107em. Zbog protoka vremena nije mogao da odredi kada se ona odigrala, ali misli da je bila za vrijeme trajanja sukoba u biv\u0161oj SFRJ, konkretno u BiH. Sje\u0107a se da je Pekovi\u0107 zbog te tu\u010de priveden, ali se nije mogao sjetiti ko ga je priveo niti da li su protiv njega preduzimane bilo kakve radnje.<\/p>\n<p>Svjedok\u00a0Veselin\u00a0Bakra\u010d\u00a0poja\u0161njava da je za vrijeme oru\u017eanih sukoba radio na grani\u010dnom prelazu \u0160\u0107epan Polje koji se nalazi u neposrednoj blizini sela Hum. Po njegovoj slobodnoj procjeni, udaljenost od Plu\u017eina do Huma je nekih 30km i automobilom se iz jednog do drugog mjesta mo\u017ee sti\u0107i za pola sata. Navodi da se sje\u0107a tu\u010de izme\u0111u Slobodana Pekovi\u0107a i Obrena Gojkovi\u0107a, jer je toga dana po povratku sa \u0160\u0107epan Polja bio zadu\u017een za Pekovi\u0107evo privo\u0111enje. \u201cDo tu\u010de je do\u0161lo u prijepodnevnim satima, jer su sa mnom po Pekovi\u0107a oti\u0161li policajci iz no\u0107ne smjene. Mislim da je to bilo istog dana kada i akcija tzv. \u010di\u0161\u0107enja Huma. Zvali su me da se vratim na \u0160\u0107epan Polje, jer se vojska iz BiH uputila ka kafanama koje se tu nalaze, ali ih nismo pustili da pro\u0111u. Prolazili su nesmetano samo civili. Sve se to nalazi u evidencijama ulazaka i izlazaka koje se i dalje nalaze u stanici policije u Plu\u017einama, a mislim da se radilo o osmom ili devetom junu.\u201d Bakra\u010d navodi i da je tu\u010da Pekovi\u0107a i Gojkovi\u0107a upisana u knjigu doga\u0111aja SUP Plu\u017eine, kao i da su se o takvim stvarima obavije\u0161tavali i De\u017eurni operativni centar putem telegrama, kao i stanica policije u Nik\u0161i\u0107u. \u201cNi\u0161ta nije smijelo da ostane samo u Plu\u017einama \u2013 o svim doga\u0111ajima je morao da se obavijesti Nik\u0161i\u0107, a nekada i Podgorica\u201d. Na posebno pitanje specijalne tu\u017eiteljke Tanje \u010colan Dereti\u0107, gdje je ta knjiga doga\u0111aja sada, Bakra\u010d je pojasnio da je za njom u ranijem periodu postojalo veliko interesovanje. \u201cLi\u010dno sam je nosio sudiji za istragu Vi\u0161eg suda u Podgorici, Marku Daki\u0107u, kada se ispitivao slu\u010daj ubistva porodice Klapuh, ali ne znam gdje se danas nalazi.\u201d<\/p>\n<p>Sreten Dubljevi\u0107,\u00a0dalje svjedo\u010di da je Pekovi\u0107a na dan tu\u010de sreo samo u blizini autobuske stanice u Plu\u017einama negdje oko 10h, ali da ga kasnije, po povratku sa kafe u stanici policije nije sretao jer nije bio tamo. \u201cTaj dan smo dobili informaciju o upadu paravojnih formacija u selo Hum. Mislim da sam i ja potom oti\u0161ao do \u0160\u0107epan Polja, ali nismo mogli i\u0107i do Huma zbog opasnosti od mina. O svemu \u0161to se desilo dva-tri dana smo prikupljali informacije od mje\u0161tana \u0160\u0107epan Polja i o toj akciji smo obavijestili Podgoricu putem telegrama.\u201d Dubljevi\u0107 tako\u0111e navodi da je od Plu\u017eina do Huma udaljenost nekih 30km najblji\u017eim putem. Poja\u0161njava i da postoji sporedni, du\u017ei put preko Pivske planine.<\/p>\n<p>Obren Gojkovi\u0107\u00a0govorio je o okolnostima pod kojima je nastala tu\u010da izme\u0111u njega i Pekovi\u0107a. Iako nije mogao da precizira datum kada se ona dogodila, tvrdi da se radilo o ranim jutarnjim satima, ne\u0161to prije 9h. \u201cOdmah sam oti\u0161ao u dom zdravlja u Plu\u017einama, gdje sam previjen, a nakon toga poslat na u\u0161ivanje u Nik\u0161i\u0107. Tako sam na hirur\u0161kom odjeljenju proveo par dana.\u201d Medincinsku dokumentaciju o ovome ne posjeduje, ali vjeruje da se ona mo\u017ee pribaviti.<\/p>\n<p>Prema svjedo\u010denjima ranijih svjedoka, prevashodno Fejza \u0160efredina \u00a0napad na selo Hum zapo\u010deo je 8. juna 1992. godine u pola \u0161est ujutru.<\/p>\n<p>Naredna dva ro\u010di\u0161ta zakazana su za 8. i 10. oktobar 2024. godine, kada se o\u010dekuje saslu\u0161anje preostala tri svjedoka i odlu\u010divanje o postavljenom imovinskopravnom zahtjevu o\u0161te\u0107ene A1.<\/p>\n<p><em>Advokat Dalibor Tomovi\u0107 o\u0161te\u0107enu A1 zastupa u okviru projekta NVO Akcija za ljudska prava\u00a0\u201cZajedno do pravde \u2013 pravna, psiholo\u0161ka i dru\u0161tvena podr\u0161ka \u017ertvama ratnih zlo\u010dina\u201c, koji podr\u017eava Evropska unija kroz regionalni projekat \u201cEU podr\u0161ka izgradnji povjerenja na Zapadnom Balkanu\u201d, koji implementira Program Ujedinjenih nacija za razvoj (UNDP).<\/em><\/p>\n<p>&nbsp;<\/p>\n","protected":false},"excerpt":{"rendered":"<p>Danas je u Vi\u0161em sudu u Podgorici nastavljeno su\u0111enje Slobodanu Pekovi\u0107u, crnogorskom dr\u017eavljaninu koji je optu\u017een za ratni zlo\u010din protiv civilnog stanovni\u0161tva u BiH.<\/p>\n","protected":false},"author":1,"featured_media":283016,"comment_status":"open","ping_status":"closed","sticky":false,"template":"","format":"standard","meta":{"_seopress_robots_primary_cat":"none","_seopress_titles_title":"","_seopress_titles_desc":"","_seopress_robots_index":"","_et_pb_use_builder":"","_et_pb_old_content":"","_et_gb_content_width":"","inline_featured_image":false,"footnotes":""},"categories":[14],"tags":[],"class_list":["post-413140","post","type-post","status-publish","format-standard","has-post-thumbnail","hentry","category-vijesti"],"_links":{"self":[{"href":"https:\/\/www.pcnen.com\/portal\/wp-json\/wp\/v2\/posts\/413140","targetHints":{"allow":["GET"]}}],"collection":[{"href":"https:\/\/www.pcnen.com\/portal\/wp-json\/wp\/v2\/posts"}],"about":[{"href":"https:\/\/www.pcnen.com\/portal\/wp-json\/wp\/v2\/types\/post"}],"author":[{"embeddable":true,"href":"https:\/\/www.pcnen.com\/portal\/wp-json\/wp\/v2\/users\/1"}],"replies":[{"embeddable":true,"href":"https:\/\/www.pcnen.com\/portal\/wp-json\/wp\/v2\/comments?post=413140"}],"version-history":[{"count":1,"href":"https:\/\/www.pcnen.com\/portal\/wp-json\/wp\/v2\/posts\/413140\/revisions"}],"predecessor-version":[{"id":413143,"href":"https:\/\/www.pcnen.com\/portal\/wp-json\/wp\/v2\/posts\/413140\/revisions\/413143"}],"wp:featuredmedia":[{"embeddable":true,"href":"https:\/\/www.pcnen.com\/portal\/wp-json\/wp\/v2\/media\/283016"}],"wp:attachment":[{"href":"https:\/\/www.pcnen.com\/portal\/wp-json\/wp\/v2\/media?parent=413140"}],"wp:term":[{"taxonomy":"category","embeddable":true,"href":"https:\/\/www.pcnen.com\/portal\/wp-json\/wp\/v2\/categories?post=413140"},{"taxonomy":"post_tag","embeddable":true,"href":"https:\/\/www.pcnen.com\/portal\/wp-json\/wp\/v2\/tags?post=413140"}],"curies":[{"name":"wp","href":"https:\/\/api.w.org\/{rel}","templated":true}]}}