{"id":413135,"date":"2024-09-27T19:33:04","date_gmt":"2024-09-27T17:33:04","guid":{"rendered":"https:\/\/www.pcnen.com\/portal\/?p=413135"},"modified":"2024-09-27T19:33:04","modified_gmt":"2024-09-27T17:33:04","slug":"ubijen-skaljarac-na-cetinju","status":"publish","type":"post","link":"https:\/\/www.pcnen.com\/portal\/2024\/09\/27\/ubijen-skaljarac-na-cetinju\/","title":{"rendered":"Ubijen \u0161kaljarac na Cetinju"},"content":{"rendered":"<p>Vasko Lje\u0161kovi\u0107, visokopozicionirani pripadnik \u0161kaljarskog klana, ubijen je u dvori\u0161tu svoje ku\u0107e na Cetinju, potvrdilo je Ministarstvo unutra\u0161njih poslova Crne Gore.<\/p>\n<p>Cetinjanin je hicem iz snajpera pogo\u0111en u dvori\u0161tu svoje ku\u0107e, pi\u0161u Vijesti.<\/p>\n<p>Policija traga za napada\u010dem koji je, kako se pretpostavlja, u pravcu Lje\u0161kovi\u0107a ispalio jedan metak.<\/p>\n<p>Prema istim izvorima, napada\u010d je na njega pucao sa obli\u017enjeg brda.<\/p>\n","protected":false},"excerpt":{"rendered":"<p>Vasko Lje\u0161kovi\u0107, visokopozicionirani pripadnik \u0161kaljarskog klana, ubijen je u dvori\u0161tu svoje ku\u0107e na Cetinju, potvrdilo je Ministarstvo unutra\u0161njih poslova Crne Gore.<\/p>\n","protected":false},"author":1,"featured_media":377023,"comment_status":"open","ping_status":"closed","sticky":false,"template":"","format":"standard","meta":{"_seopress_robots_primary_cat":"none","_seopress_titles_title":"","_seopress_titles_desc":"","_seopress_robots_index":"","_et_pb_use_builder":"","_et_pb_old_content":"","_et_gb_content_width":"","inline_featured_image":false,"footnotes":""},"categories":[14],"tags":[],"class_list":["post-413135","post","type-post","status-publish","format-standard","has-post-thumbnail","hentry","category-vijesti"],"_links":{"self":[{"href":"https:\/\/www.pcnen.com\/portal\/wp-json\/wp\/v2\/posts\/413135","targetHints":{"allow":["GET"]}}],"collection":[{"href":"https:\/\/www.pcnen.com\/portal\/wp-json\/wp\/v2\/posts"}],"about":[{"href":"https:\/\/www.pcnen.com\/portal\/wp-json\/wp\/v2\/types\/post"}],"author":[{"embeddable":true,"href":"https:\/\/www.pcnen.com\/portal\/wp-json\/wp\/v2\/users\/1"}],"replies":[{"embeddable":true,"href":"https:\/\/www.pcnen.com\/portal\/wp-json\/wp\/v2\/comments?post=413135"}],"version-history":[{"count":1,"href":"https:\/\/www.pcnen.com\/portal\/wp-json\/wp\/v2\/posts\/413135\/revisions"}],"predecessor-version":[{"id":413139,"href":"https:\/\/www.pcnen.com\/portal\/wp-json\/wp\/v2\/posts\/413135\/revisions\/413139"}],"wp:featuredmedia":[{"embeddable":true,"href":"https:\/\/www.pcnen.com\/portal\/wp-json\/wp\/v2\/media\/377023"}],"wp:attachment":[{"href":"https:\/\/www.pcnen.com\/portal\/wp-json\/wp\/v2\/media?parent=413135"}],"wp:term":[{"taxonomy":"category","embeddable":true,"href":"https:\/\/www.pcnen.com\/portal\/wp-json\/wp\/v2\/categories?post=413135"},{"taxonomy":"post_tag","embeddable":true,"href":"https:\/\/www.pcnen.com\/portal\/wp-json\/wp\/v2\/tags?post=413135"}],"curies":[{"name":"wp","href":"https:\/\/api.w.org\/{rel}","templated":true}]}}