{"id":413108,"date":"2024-09-27T11:28:49","date_gmt":"2024-09-27T09:28:49","guid":{"rendered":"https:\/\/www.pcnen.com\/portal\/?p=413108"},"modified":"2024-09-27T11:28:49","modified_gmt":"2024-09-27T09:28:49","slug":"montenegro-prajda-sjutra-u-podgorici","status":"publish","type":"post","link":"https:\/\/www.pcnen.com\/portal\/2024\/09\/27\/montenegro-prajda-sjutra-u-podgorici\/","title":{"rendered":"Montenegro Prajda sjutra u Podgorici"},"content":{"rendered":"<p>Okupljanje u\u010desnika 12. Povorke ponosa LGBTIQ osoba &#8220;Montenegro Prajd&#8221;, koja \u0107e biti odr\u017eana sjutra na Trgu nezavisnosti u Podgorici, po\u010de\u0107e u 13 sati, saop\u0161teno je iz Kvir Montenegra.<\/p>\n<p>Pozdravni govori po\u010dinju u 14:30 sati, a Povorka kre\u0107e u 15:00 sati.<\/p>\n<p>\u201cMar\u0161ruta kretanja Povorke ponosa \u201eMontenegro prajd\u201c obuhvati\u0107e sljede\u0107e ulice: Po\u010detak povorke bi\u0107e organizovan na Trgu nezavisnosti odakle \u0107e Povorka krenuti Ulicom slobode, skrenuti Bulevarom Svetog Petra Cetinjskog, nastaviti Bulevarom Stanka Dragojevi\u0107a, gdje \u0107e skrenuti i pro\u0107i Boke\u0161kom ulicom, nastaviti ulicom Miljana Vukova, i\u0107i Trgom Bal\u0161i\u0107a, Vu\u010dedolskom ulicom, gdje \u0107e skrenuti Ulicom slobode i vratiti se na prvobitno mjesto &#8211; Trg nezavisnosti\u201d, pi\u0161e u saop\u0161tenju.<\/p>\n","protected":false},"excerpt":{"rendered":"<p>Okupljanje u\u010desnika 12. Povorke ponosa LGBTIQ osoba &#8220;Montenegro Prajd&#8221;, koja \u0107e biti odr\u017eana sjutra na Trgu nezavisnosti u Podgorici, po\u010de\u0107e u 13 sati, saop\u0161teno je iz Kvir Montenegra.<\/p>\n","protected":false},"author":1,"featured_media":413111,"comment_status":"open","ping_status":"closed","sticky":false,"template":"","format":"standard","meta":{"_seopress_robots_primary_cat":"none","_seopress_titles_title":"","_seopress_titles_desc":"","_seopress_robots_index":"","_et_pb_use_builder":"","_et_pb_old_content":"","_et_gb_content_width":"","inline_featured_image":false,"footnotes":""},"categories":[14],"tags":[],"class_list":["post-413108","post","type-post","status-publish","format-standard","has-post-thumbnail","hentry","category-vijesti"],"_links":{"self":[{"href":"https:\/\/www.pcnen.com\/portal\/wp-json\/wp\/v2\/posts\/413108","targetHints":{"allow":["GET"]}}],"collection":[{"href":"https:\/\/www.pcnen.com\/portal\/wp-json\/wp\/v2\/posts"}],"about":[{"href":"https:\/\/www.pcnen.com\/portal\/wp-json\/wp\/v2\/types\/post"}],"author":[{"embeddable":true,"href":"https:\/\/www.pcnen.com\/portal\/wp-json\/wp\/v2\/users\/1"}],"replies":[{"embeddable":true,"href":"https:\/\/www.pcnen.com\/portal\/wp-json\/wp\/v2\/comments?post=413108"}],"version-history":[{"count":1,"href":"https:\/\/www.pcnen.com\/portal\/wp-json\/wp\/v2\/posts\/413108\/revisions"}],"predecessor-version":[{"id":413112,"href":"https:\/\/www.pcnen.com\/portal\/wp-json\/wp\/v2\/posts\/413108\/revisions\/413112"}],"wp:featuredmedia":[{"embeddable":true,"href":"https:\/\/www.pcnen.com\/portal\/wp-json\/wp\/v2\/media\/413111"}],"wp:attachment":[{"href":"https:\/\/www.pcnen.com\/portal\/wp-json\/wp\/v2\/media?parent=413108"}],"wp:term":[{"taxonomy":"category","embeddable":true,"href":"https:\/\/www.pcnen.com\/portal\/wp-json\/wp\/v2\/categories?post=413108"},{"taxonomy":"post_tag","embeddable":true,"href":"https:\/\/www.pcnen.com\/portal\/wp-json\/wp\/v2\/tags?post=413108"}],"curies":[{"name":"wp","href":"https:\/\/api.w.org\/{rel}","templated":true}]}}