{"id":413104,"date":"2024-09-27T10:17:23","date_gmt":"2024-09-27T08:17:23","guid":{"rendered":"https:\/\/www.pcnen.com\/portal\/?p=413104"},"modified":"2024-09-27T10:17:23","modified_gmt":"2024-09-27T08:17:23","slug":"vise-tuzilastvo-trazi-ukidanje-imuniteta-kovacevicu","status":"publish","type":"post","link":"https:\/\/www.pcnen.com\/portal\/2024\/09\/27\/vise-tuzilastvo-trazi-ukidanje-imuniteta-kovacevicu\/","title":{"rendered":"Vi\u0161e tu\u017eila\u0161tvo tra\u017ei ukidanje imuniteta Kova\u010devi\u0107u"},"content":{"rendered":"<p>Vi\u0161e dr\u017eavno tu\u017eila\u0161tvo u Podgorici tra\u017eilo je od Administrativnog odbora Skup\u0161tine Crne Gore da ukine imunitet poslaniku Nove srpske demokratije (NSD) Marku Kova\u010devi\u0107u, jer je protiv njega formiralo predmet zbog krivi\u010dnog djela izazivanje nacionalne, rasne i vjerske mr\u017enje, s<a href=\"https:\/\/www.vijesti.me\/vijesti\/politika\/725956\/vise-tuzilastvo-trazi-ukidanje-imuniteta-kovacevicu-zbog-postupka-u-vezi-govora-na-grahovu\">aznaju nezvani\u010dno &#8220;Vijesti&#8221;.<\/a><\/p>\n<p>Predmet je formiran povodom govora koji je Kova\u010devi\u0107 odr\u017eao na obilje\u017eavanju 166 godina od bitke na Grahovu.<\/p>\n<p>Kova\u010devi\u0107 je sredinom juna kao predsjednik Op\u0161tine Nik\u0161i\u0107, tokom govora na obilje\u017eavanju te godi\u0161njice, poru\u010dio da \u0107e &#8220;s onima koji ne\u0107e da budu kao bra\u0107a, nego da li\u010de na Turke, postupati kao prema Turcima&#8221;. To je rekao obra\u0107aju\u0107i se, kako je kazao, &#8220;biv\u0161im vlastodr\u0161cima i njihovim pulenima&#8221;.<\/p>\n<p>Vi\u0161e dr\u017eavno tu\u017eila\u0161tvo u Podgorici formiralo je tada predmet.<\/p>\n<p>&#8220;Dana 31. jula 2024. godine na zapisnik o saslu\u0161anju osumnji\u010denog Kova\u010devi\u0107 Marka na okolnosti ozna\u010denog krivi\u010dnog djela, imenovani je ovog tu\u017eioca obavijestio da kao poslanik u Skup\u0161tini Crne Gore u\u017eiva imunitet, te s tim u vezi dr\u017eavnom tu\u017eiocu predo\u010dio poslani\u010dku legitimaciju broj 82, s rokom va\u017eenja od 15. 4. 2024. godine, te ukazao da se u konkretnom poziva na poslani\u010dki imunitet. S tim u vezi&#8230; obra\u0107am vam se kao nadle\u017enom organu kako biste dali odobrenje za krivi\u010dno gonjenje Marka Kova\u010devi\u0107a&#8221;, pi\u0161e u dopisu koji je Administrativnom odboru dostavila tu\u017eiteljka Ana Kalezi\u0107, a u koji su &#8220;Vijesti&#8221; imale uvid.<\/p>\n<p>Kova\u010devi\u0107 je nakon davanja izjave policiji u junu, novinarima kazao da je ostao pri onome \u0161to je ranije izjavio &#8211; da nije nikoga vrije\u0111ao, niti je kome prijetio: &#8220;Sve ostalo su konstrukcije onih koji ih prave, imaju svoje ciljeve zbog \u010dega sve to rade&#8221;.<\/p>\n<blockquote class=\"wp-embedded-content\" data-secret=\"pjoJ62iR82\"><p><a href=\"https:\/\/www.pcnen.com\/portal\/2024\/06\/16\/kovacevic-sa-onima-koji-nece-kao-braca-postupacemo-kao-prema-turcima-video\/\">Kova\u010devi\u0107: Sa onima koji ne\u0107e kao bra\u0107a, postupa\u0107emo kao prema Turcima (video)<\/a><\/p><\/blockquote>\n<p><iframe loading=\"lazy\" class=\"wp-embedded-content\" sandbox=\"allow-scripts\" security=\"restricted\" style=\"position: absolute; visibility: hidden;\" title=\"&#8220;Kova\u010devi\u0107: Sa onima koji ne\u0107e kao bra\u0107a, postupa\u0107emo kao prema Turcima (video)&#8221; &#8212; PCNEN\" src=\"https:\/\/www.pcnen.com\/portal\/2024\/06\/16\/kovacevic-sa-onima-koji-nece-kao-braca-postupacemo-kao-prema-turcima-video\/embed\/#?secret=RUQAXXLbuM#?secret=pjoJ62iR82\" data-secret=\"pjoJ62iR82\" width=\"600\" height=\"338\" frameborder=\"0\" marginwidth=\"0\" marginheight=\"0\" scrolling=\"no\"><\/iframe><\/p>\n","protected":false},"excerpt":{"rendered":"<p>Vi\u0161e dr\u017eavno tu\u017eila\u0161tvo u Podgorici tra\u017eilo je od Administrativnog odbora Skup\u0161tine Crne Gore da ukine imunitet poslaniku Nove srpske demokratije (NSD) Marku Kova\u010devi\u0107u, jer je protiv njega formiralo predmet zbog krivi\u010dnog djela izazivanje nacionalne, rasne i vjerske mr\u017enje, saznaju nezvani\u010dno &#8220;Vijesti&#8221;.<\/p>\n","protected":false},"author":1,"featured_media":372852,"comment_status":"open","ping_status":"closed","sticky":false,"template":"","format":"standard","meta":{"_seopress_robots_primary_cat":"none","_seopress_titles_title":"","_seopress_titles_desc":"","_seopress_robots_index":"","_et_pb_use_builder":"","_et_pb_old_content":"","_et_gb_content_width":"","inline_featured_image":false,"footnotes":""},"categories":[14],"tags":[],"class_list":["post-413104","post","type-post","status-publish","format-standard","has-post-thumbnail","hentry","category-vijesti"],"_links":{"self":[{"href":"https:\/\/www.pcnen.com\/portal\/wp-json\/wp\/v2\/posts\/413104","targetHints":{"allow":["GET"]}}],"collection":[{"href":"https:\/\/www.pcnen.com\/portal\/wp-json\/wp\/v2\/posts"}],"about":[{"href":"https:\/\/www.pcnen.com\/portal\/wp-json\/wp\/v2\/types\/post"}],"author":[{"embeddable":true,"href":"https:\/\/www.pcnen.com\/portal\/wp-json\/wp\/v2\/users\/1"}],"replies":[{"embeddable":true,"href":"https:\/\/www.pcnen.com\/portal\/wp-json\/wp\/v2\/comments?post=413104"}],"version-history":[{"count":1,"href":"https:\/\/www.pcnen.com\/portal\/wp-json\/wp\/v2\/posts\/413104\/revisions"}],"predecessor-version":[{"id":413107,"href":"https:\/\/www.pcnen.com\/portal\/wp-json\/wp\/v2\/posts\/413104\/revisions\/413107"}],"wp:featuredmedia":[{"embeddable":true,"href":"https:\/\/www.pcnen.com\/portal\/wp-json\/wp\/v2\/media\/372852"}],"wp:attachment":[{"href":"https:\/\/www.pcnen.com\/portal\/wp-json\/wp\/v2\/media?parent=413104"}],"wp:term":[{"taxonomy":"category","embeddable":true,"href":"https:\/\/www.pcnen.com\/portal\/wp-json\/wp\/v2\/categories?post=413104"},{"taxonomy":"post_tag","embeddable":true,"href":"https:\/\/www.pcnen.com\/portal\/wp-json\/wp\/v2\/tags?post=413104"}],"curies":[{"name":"wp","href":"https:\/\/api.w.org\/{rel}","templated":true}]}}