{"id":413093,"date":"2024-09-27T08:54:13","date_gmt":"2024-09-27T06:54:13","guid":{"rendered":"https:\/\/www.pcnen.com\/portal\/?p=413093"},"modified":"2024-09-27T09:14:41","modified_gmt":"2024-09-27T07:14:41","slug":"od-ponoci-izborna-tisina-u-podgorici-i-kotoru","status":"publish","type":"post","link":"https:\/\/www.pcnen.com\/portal\/2024\/09\/27\/od-ponoci-izborna-tisina-u-podgorici-i-kotoru\/","title":{"rendered":"Od pono\u0107i izborna ti\u0161ina u Podgorici i Kotoru"},"content":{"rendered":"<p>Agencija za audiovizuelne medijske usluge (AMU) podsje\u0107a sve elektronske medije koji emituju program u Crnoj Gori na odredbe Pravilnika o politi\u010dkom ogla\u0161avanju u radijskim i televizijskim programima, a povodom izbora za odbornike u Skup\u0161tini Glavnog grada Podgorica i Skup\u0161tini op\u0161tine Kotor, koji \u0107e biti odr\u017eani 29. septembra 2024. godine.<\/p>\n<p>U skladu sa Pravilnikom, izborna ti\u0161ina zapo\u010dinje 24 sata prije dana odr\u017eavanja izbora i traje do zatvaranja bira\u010dkih mjesta. Kako su izbori zakazani za 29. septembar 2024. god, predizborna ti\u0161ina po\u010dinje u petak 27. septembra 2024. god. u pono\u0107, pi\u0161e u saop\u0161tenju dostavljenom medijima.<\/p>\n<p>U periodu izborne ti\u0161ine nije dozvoljeno:<\/p>\n<p>\u2022 medijsko predstavljanje podnosilaca izbornih lista i kandidata sa izbornih lista;<\/p>\n<p>\u2022 politi\u010dko ogla\u0161avanje;<\/p>\n<p>\u2022 objavljivanje procjene rezultata glasanja;<\/p>\n<p>\u2022 objavljivanje rezultata telefonskog anketiranja ili uli\u010dnih anketa sprovedenih me\u0111u bira\u010dima;<\/p>\n<p>\u2022 emitovanje slogana, rednih brojeva sa izborne liste ili drugih simbola koji se odnose na samo jednog ili odre\u0111eni broj podnosilaca izbornih lista.<\/p>\n<p>Potrebno je da mediji posebno obrate pa\u017enju na:<\/p>\n<p>\u2022 reprize ranije emitovanih sadr\u017eaja u kojima je vr\u0161eno medijsko predstavljanje, a naro\u010dito debate, intervjui ili drugi sadr\u017eaji o teku\u0107im doga\u0111ajima u kojima su gostovali nosioci i\/ili<\/p>\n<p>predstavnici izbornih lista kao i drugi subjekti uklju\u010deni u proces izborne kampanje;<\/p>\n<p>\u2022 reemitovane sadr\u017eaje elektronskih medija van Crne Gore, a naro\u010dito klasi\u010dne informativne emisije i sadr\u017eaje o teku\u0107im doga\u0111ajima;<\/p>\n<p>\u2022 kori\u0161\u0107enje pokrivalica prilikom novinarskih priloga u informativnim emisijama. Nerijetko se prilikom izvje\u0161tavanja o razli\u010ditim pitanjima od interesa za javnost, kao pokrivalice za izjave ili saop\u0161tenja politi\u010dkih subjekata, koriste grafike koje sadr\u017ee slogan, redni broj sa izborne liste, logo ili drugi simboli politi\u010dkog subjekta.<\/p>\n<p>\u2022 saop\u0161tenja i konferencije za \u0161tampu politi\u010dkih subjekata. Prilikom preno\u0161enja saop\u0161tenja ili konferencija za \u0161tampu politi\u010dkih subjekata koje se odr\u017eavaju u periodu izborne ti\u0161ine, emiter je du\u017ean da informaciju prilagodi na na\u010din da ne sadr\u017ei promociju politi\u010dkog subjekta. Ovo se odnosi kako na verbalnu promociju, tako i na emitovanje slogana, rednog broja sa izborne liste, logoa ili drugih simbola koji su dio scenografije prostora u kojima se konferencije za \u0161tampu odr\u017eavaju.<\/p>\n","protected":false},"excerpt":{"rendered":"<p>Agencija za audiovizuelne medijske usluge (AMU) podsje\u0107a sve elektronske medije koji emituju program u Crnoj Gori na odredbe Pravilnika o politi\u010dkom ogla\u0161avanju u radijskim i televizijskim programima, a povodom izbora za odbornike u Skup\u0161tini Glavnog grada Podgorica i Skup\u0161tini op\u0161tine Kotor, koji \u0107e biti odr\u017eani 29. septembra 2024. godine. U skladu sa Pravilnikom, izborna ti\u0161ina [&hellip;]<\/p>\n","protected":false},"author":1,"featured_media":413054,"comment_status":"open","ping_status":"closed","sticky":false,"template":"","format":"standard","meta":{"_seopress_robots_primary_cat":"none","_seopress_titles_title":"","_seopress_titles_desc":"","_seopress_robots_index":"","_et_pb_use_builder":"","_et_pb_old_content":"","_et_gb_content_width":"","inline_featured_image":false,"footnotes":""},"categories":[14],"tags":[],"class_list":["post-413093","post","type-post","status-publish","format-standard","has-post-thumbnail","hentry","category-vijesti"],"_links":{"self":[{"href":"https:\/\/www.pcnen.com\/portal\/wp-json\/wp\/v2\/posts\/413093","targetHints":{"allow":["GET"]}}],"collection":[{"href":"https:\/\/www.pcnen.com\/portal\/wp-json\/wp\/v2\/posts"}],"about":[{"href":"https:\/\/www.pcnen.com\/portal\/wp-json\/wp\/v2\/types\/post"}],"author":[{"embeddable":true,"href":"https:\/\/www.pcnen.com\/portal\/wp-json\/wp\/v2\/users\/1"}],"replies":[{"embeddable":true,"href":"https:\/\/www.pcnen.com\/portal\/wp-json\/wp\/v2\/comments?post=413093"}],"version-history":[{"count":3,"href":"https:\/\/www.pcnen.com\/portal\/wp-json\/wp\/v2\/posts\/413093\/revisions"}],"predecessor-version":[{"id":413098,"href":"https:\/\/www.pcnen.com\/portal\/wp-json\/wp\/v2\/posts\/413093\/revisions\/413098"}],"wp:featuredmedia":[{"embeddable":true,"href":"https:\/\/www.pcnen.com\/portal\/wp-json\/wp\/v2\/media\/413054"}],"wp:attachment":[{"href":"https:\/\/www.pcnen.com\/portal\/wp-json\/wp\/v2\/media?parent=413093"}],"wp:term":[{"taxonomy":"category","embeddable":true,"href":"https:\/\/www.pcnen.com\/portal\/wp-json\/wp\/v2\/categories?post=413093"},{"taxonomy":"post_tag","embeddable":true,"href":"https:\/\/www.pcnen.com\/portal\/wp-json\/wp\/v2\/tags?post=413093"}],"curies":[{"name":"wp","href":"https:\/\/api.w.org\/{rel}","templated":true}]}}