{"id":412548,"date":"2024-09-19T20:21:01","date_gmt":"2024-09-19T18:21:01","guid":{"rendered":"https:\/\/www.pcnen.com\/portal\/?p=412548"},"modified":"2024-09-19T20:21:01","modified_gmt":"2024-09-19T18:21:01","slug":"goran-markovic-drzavno-uredjenje-nam-je-krimokratija-a-drustveno-pornic","status":"publish","type":"post","link":"https:\/\/www.pcnen.com\/portal\/2024\/09\/19\/goran-markovic-drzavno-uredjenje-nam-je-krimokratija-a-drustveno-pornic\/","title":{"rendered":"Goran Markovi\u0107: Dr\u017eavno ure\u0111enje nam je krimokratija, a dru\u0161tveno \u2013 porni\u0107"},"content":{"rendered":"<p>Poznati beogradski filmski re\u017eiser Goran Markovi\u0107 je, u intervjuu za Radar, uporedio vrijeme njema\u010dke okupacije Srbije i ovo kada je dr\u017eavu okupirala njena vlast.<\/p>\n<p>&#8220;Odavno sam shvatio kako smo mi u stvari pod okupacijom. Jedno vreme sam izu\u010davao dokumenta o nema\u010dkoj okupaciji Beograda 1941-44. i na\u0161ao mnogo zajedni\u010dkog u postupcima onda\u0161njih okupacionih snaga i sada\u0161njih vlasti. Tu se, pre svega, radi o organizaciji \u017eivota na okupiranoj teritoriji i ulozi Specijalne policije. Sve je bilo (a i sada je) podre\u0111eno kontroli nad ljudima i strogom ka\u017enjavanju svakog ko pokazuje i najmanji znak otpora. Poslednja hap\u0161enja ekolo\u0161kih aktivista neodoljivo podse\u0107aju na progon \u010dlanova pokreta otpora\u201c, <a href=\"https:\/\/radar.nova.rs\/politika\/goran-markovic-mi-smo-pod-okupacijom\/\" target=\"_blank\" rel=\"noopener\">ka\u017ee Markovi\u0107 za Radar.<\/a><\/p>\n<p>On ka\u017ee da dr\u017eavno ure\u0111enje u Srbiji vidi &#8220;kao krimokratiju, a dru\u0161tveno kao porni\u0107&#8221;. &#8220;Da bi kriminalna organizacija koja vlada opstala ona mora da utera strah u kosti narodu raznim izmi\u0161ljenim opasnostima, atentatima na vo\u0111u, zaverama i sli\u010dnim izmi\u0161ljotinama. Poslednji dokaz za to je Vulinova izjava da je ujedinjenje Nemaca u stvari osveta za izgubljeni Drugi svetski rat??? To govori omiljeni re\u017eimski ministar i dvorska pudlica Mire Markovi\u0107! A milje u kome se takve stvari obelodanjuju mora zadovoljavati niske strast svojstvene pornografskim sadr\u017eajima. Nad svim tim bdi madam iz kupleraja koji se zove REM&#8221;.<\/p>\n","protected":false},"excerpt":{"rendered":"<p>Poznati beogradski filmski re\u017eiser Goran Markovi\u0107 je, u intervjuu za Radar, uporedio vrijeme njema\u010dke okupacije Srbije i ovo kada je dr\u017eavu okupirala njena vlast<\/p>\n","protected":false},"author":1,"featured_media":386380,"comment_status":"open","ping_status":"closed","sticky":false,"template":"","format":"standard","meta":{"_seopress_robots_primary_cat":"none","_seopress_titles_title":"","_seopress_titles_desc":"","_seopress_robots_index":"","_et_pb_use_builder":"","_et_pb_old_content":"","_et_gb_content_width":"","inline_featured_image":false,"footnotes":""},"categories":[14],"tags":[],"class_list":["post-412548","post","type-post","status-publish","format-standard","has-post-thumbnail","hentry","category-vijesti"],"_links":{"self":[{"href":"https:\/\/www.pcnen.com\/portal\/wp-json\/wp\/v2\/posts\/412548","targetHints":{"allow":["GET"]}}],"collection":[{"href":"https:\/\/www.pcnen.com\/portal\/wp-json\/wp\/v2\/posts"}],"about":[{"href":"https:\/\/www.pcnen.com\/portal\/wp-json\/wp\/v2\/types\/post"}],"author":[{"embeddable":true,"href":"https:\/\/www.pcnen.com\/portal\/wp-json\/wp\/v2\/users\/1"}],"replies":[{"embeddable":true,"href":"https:\/\/www.pcnen.com\/portal\/wp-json\/wp\/v2\/comments?post=412548"}],"version-history":[{"count":1,"href":"https:\/\/www.pcnen.com\/portal\/wp-json\/wp\/v2\/posts\/412548\/revisions"}],"predecessor-version":[{"id":412551,"href":"https:\/\/www.pcnen.com\/portal\/wp-json\/wp\/v2\/posts\/412548\/revisions\/412551"}],"wp:featuredmedia":[{"embeddable":true,"href":"https:\/\/www.pcnen.com\/portal\/wp-json\/wp\/v2\/media\/386380"}],"wp:attachment":[{"href":"https:\/\/www.pcnen.com\/portal\/wp-json\/wp\/v2\/media?parent=412548"}],"wp:term":[{"taxonomy":"category","embeddable":true,"href":"https:\/\/www.pcnen.com\/portal\/wp-json\/wp\/v2\/categories?post=412548"},{"taxonomy":"post_tag","embeddable":true,"href":"https:\/\/www.pcnen.com\/portal\/wp-json\/wp\/v2\/tags?post=412548"}],"curies":[{"name":"wp","href":"https:\/\/api.w.org\/{rel}","templated":true}]}}