{"id":412003,"date":"2024-09-12T18:59:41","date_gmt":"2024-09-12T16:59:41","guid":{"rendered":"https:\/\/www.pcnen.com\/portal\/?p=412003"},"modified":"2024-09-12T18:59:41","modified_gmt":"2024-09-12T16:59:41","slug":"australija-uvodi-kazne-za-sirenje-laznih-vijesti","status":"publish","type":"post","link":"https:\/\/www.pcnen.com\/portal\/2024\/09\/12\/australija-uvodi-kazne-za-sirenje-laznih-vijesti\/","title":{"rendered":"Australija uvodi kazne za \u0161irenje la\u017enih vijesti"},"content":{"rendered":"<p>Australija je najavila da \u0107e ka\u017enjavati internet platforme sa do pet odsto njihovih globalnih prihoda zbog neuspjeha da zaustave \u0161irenja dezinformacija, javlja Rojters.<\/p>\n<p>Vlada o\u010dekuje da \u0107e primorati platforme na usvajanje pravila djelovanja za spre\u010davanje \u0161irenja la\u017enih informacija koja \u0107e morati da dobiju odobrenje regulatora.<\/p>\n<p>Ako pak ne zadovolje regulatorno tijelo, regulator \u0107e sam postaviti svoje standarde, a potom ka\u017enjavati koji ih ne budu po\u0161tovale.<\/p>\n<p>Mjere \u0107e biti predstavljena u parlamentu, a usmjerene su prema la\u017enim informacijama koje \u0161tete izbornom procesu ili javnom zdravlju, pozivaju na progon ranjivih grupa ili povrede osoba ili predstavljaju prijetnju infrastrukturi i djelovanju hitnih slu\u017ebi, prenosi Beta.<\/p>\n<p>Meta, kompanija vlasnica Fejsbuka, ve\u0107 je najavila da \u0107e blokirati informativni sadr\u017eaj ako \u0107e za njega morati da pla\u0107a tantieme.<\/p>\n<p>Nekada\u0161nji Tviter, dana\u0161nji X, ukinuo je ve\u0107inu regulacije sadr\u017eaja nakon \u0161to ga je 2022. preuzeo milijarder Ilon Mask.<\/p>\n<p>&#8220;La\u017ene informacije i dezinformacije predstavljaju ozbiljnu prijetnju bezbijednosti i dobrobiti Australijanaca, kao i na\u0161oj demokratiji, dru\u0161tvu i ekonomiji&#8221;, saop\u0161tila je ministarka komunikacija Mi\u0161el Roland.<\/p>\n<p>Ona je naglasila da \u010detiri petine Australijanaca \u017eele borbu protiv dezinformacija.<\/p>\n","protected":false},"excerpt":{"rendered":"<p>Australija je najavila da \u0107e ka\u017enjavati internet platforme sa do pet odsto njihovih globalnih prihoda zbog neuspjeha da zaustave \u0161irenja dezinformacija, javlja Rojters.<\/p>\n","protected":false},"author":1,"featured_media":0,"comment_status":"open","ping_status":"closed","sticky":false,"template":"","format":"standard","meta":{"_seopress_robots_primary_cat":"none","_seopress_titles_title":"","_seopress_titles_desc":"","_seopress_robots_index":"","_et_pb_use_builder":"","_et_pb_old_content":"","_et_gb_content_width":"","inline_featured_image":false,"footnotes":""},"categories":[14],"tags":[],"class_list":["post-412003","post","type-post","status-publish","format-standard","hentry","category-vijesti"],"_links":{"self":[{"href":"https:\/\/www.pcnen.com\/portal\/wp-json\/wp\/v2\/posts\/412003","targetHints":{"allow":["GET"]}}],"collection":[{"href":"https:\/\/www.pcnen.com\/portal\/wp-json\/wp\/v2\/posts"}],"about":[{"href":"https:\/\/www.pcnen.com\/portal\/wp-json\/wp\/v2\/types\/post"}],"author":[{"embeddable":true,"href":"https:\/\/www.pcnen.com\/portal\/wp-json\/wp\/v2\/users\/1"}],"replies":[{"embeddable":true,"href":"https:\/\/www.pcnen.com\/portal\/wp-json\/wp\/v2\/comments?post=412003"}],"version-history":[{"count":1,"href":"https:\/\/www.pcnen.com\/portal\/wp-json\/wp\/v2\/posts\/412003\/revisions"}],"predecessor-version":[{"id":412006,"href":"https:\/\/www.pcnen.com\/portal\/wp-json\/wp\/v2\/posts\/412003\/revisions\/412006"}],"wp:attachment":[{"href":"https:\/\/www.pcnen.com\/portal\/wp-json\/wp\/v2\/media?parent=412003"}],"wp:term":[{"taxonomy":"category","embeddable":true,"href":"https:\/\/www.pcnen.com\/portal\/wp-json\/wp\/v2\/categories?post=412003"},{"taxonomy":"post_tag","embeddable":true,"href":"https:\/\/www.pcnen.com\/portal\/wp-json\/wp\/v2\/tags?post=412003"}],"curies":[{"name":"wp","href":"https:\/\/api.w.org\/{rel}","templated":true}]}}