{"id":411984,"date":"2024-09-12T13:10:24","date_gmt":"2024-09-12T11:10:24","guid":{"rendered":"https:\/\/www.pcnen.com\/portal\/?p=411984"},"modified":"2024-09-12T13:10:24","modified_gmt":"2024-09-12T11:10:24","slug":"u-optuznici-za-napad-u-banjskoj-pominje-se-i-predsjednik-srbije-vucic","status":"publish","type":"post","link":"https:\/\/www.pcnen.com\/portal\/2024\/09\/12\/u-optuznici-za-napad-u-banjskoj-pominje-se-i-predsjednik-srbije-vucic\/","title":{"rendered":"U optu\u017enici za napad u Banjskoj pominje se i predsjednik Srbije Vu\u010di\u0107"},"content":{"rendered":"<p>Portal kossev.info na srpskom jeziku je <a href=\"https:\/\/kossev.info\/kosovo-online-najnovije-vesti-banjska-novac-za-finansiranje-radoiciceve-grupe-stizao-iz-dva-sistema\/\" target=\"_blank\" rel=\"noopener\">prenio<\/a> (preveden)<a href=\"https:\/\/www.koha.net\/arberi\/431271\/grupi-i-radoiciqit-synoi-tia-shkepuse-veriun-kosoves-e-tia-bashkoje-serbise\" target=\"_blank\" rel=\"noopener\"> tekst<\/a> sa portala Koha koji sadr\u017ei detalje optu\u017enice Specijalnog tu\u017eila\u0161tva na Kosovu protiv Milana Radoji\u010di\u0107a i jo\u0161 44 osobe zbog napada u Banjskoj pro\u0161le godine, koji je, prema optu\u017enici, imao za cilj odcjepljenje sjevera Kosova i pripajanje Srbiji.<\/p>\n<p>Prema optu\u017enici, Srbija je Radoi\u010di\u0107u obezbijedila i potrebnu vojnu infrastrukturu za obuku u\u010desnika.<\/p>\n<p>\u201eNakon toga, Srbija mu je pru\u017eila svu potrebnu vojnu infrastrukturu za obuku u\u010desnika, obezbe\u0111ivanje vojne opreme i logistike, sve neophodno za izvr\u0161enje teroristi\u010dkog napada 24. septembra 2023. godine u Banjskoj, op\u0161tina Zve\u010dan, Republika Kosovo. \u0160ema ekonomskog ja\u010danja putem prikupljanja sredstava u cilju finansiranja terorizma na Kosovu za optu\u017eenog Milana Radoi\u010di\u0107a realizovana je otvaranjem preduze\u0107a na zakonit na\u010din, sa ciljem prikrivanja porijekla novca ili maskiranja njegovog porijekla, kako bi u o\u010dima javnosti i zvani\u010dnih vlasti sve izgledalo zakonito. Optu\u017eeni Milan Radoi\u010di\u0107 je bio direktno uklju\u010den u vlasni\u0161tvo preduze\u0107a i indirektno\u201c, navodi se u optu\u017enici Tu\u017eila\u0161tva.<\/p>\n<p>Na osnovu optu\u017enice, grupa je po\u010dela da se organizuje na sastanku odr\u017eanom 13. oktobra 2021. godine u Ra\u0161koj, u Srbiji, na kojem su, kako navodi <em>Koha<\/em>, bili prisutni i predsjednik Srbije Aleksandar Vu\u010di\u0107 i Milan Radoi\u010di\u0107, koji je preuzeo odgovornost za napad.<\/p>\n<p><a href=\"https:\/\/www.pcnen.com\/portal\/?s=Banjsk\" target=\"_blank\" rel=\"noopener\">VEZANE VIJESTI<\/a><\/p>\n","protected":false},"excerpt":{"rendered":"<p>Portal kossev.info na srpskom jeziku je prenio (preveden) tekst sa portala Koha koji sadr\u017ei detalje optu\u017enice Specijalnog tu\u017eila\u0161tva na Kosovu protiv Milana Radoji\u010di\u0107a i jo\u0161 44 osobe zbog napada u Banjskoj pro\u0161le godine, koji je, prema optu\u017enici, imao za cilj odcjepljenje sjevera Kosova i pripajanje Srbiji.<\/p>\n","protected":false},"author":1,"featured_media":380501,"comment_status":"open","ping_status":"closed","sticky":false,"template":"","format":"standard","meta":{"_seopress_robots_primary_cat":"none","_seopress_titles_title":"","_seopress_titles_desc":"","_seopress_robots_index":"","_et_pb_use_builder":"","_et_pb_old_content":"","_et_gb_content_width":"","inline_featured_image":false,"footnotes":""},"categories":[14],"tags":[],"class_list":["post-411984","post","type-post","status-publish","format-standard","has-post-thumbnail","hentry","category-vijesti"],"_links":{"self":[{"href":"https:\/\/www.pcnen.com\/portal\/wp-json\/wp\/v2\/posts\/411984","targetHints":{"allow":["GET"]}}],"collection":[{"href":"https:\/\/www.pcnen.com\/portal\/wp-json\/wp\/v2\/posts"}],"about":[{"href":"https:\/\/www.pcnen.com\/portal\/wp-json\/wp\/v2\/types\/post"}],"author":[{"embeddable":true,"href":"https:\/\/www.pcnen.com\/portal\/wp-json\/wp\/v2\/users\/1"}],"replies":[{"embeddable":true,"href":"https:\/\/www.pcnen.com\/portal\/wp-json\/wp\/v2\/comments?post=411984"}],"version-history":[{"count":1,"href":"https:\/\/www.pcnen.com\/portal\/wp-json\/wp\/v2\/posts\/411984\/revisions"}],"predecessor-version":[{"id":411990,"href":"https:\/\/www.pcnen.com\/portal\/wp-json\/wp\/v2\/posts\/411984\/revisions\/411990"}],"wp:featuredmedia":[{"embeddable":true,"href":"https:\/\/www.pcnen.com\/portal\/wp-json\/wp\/v2\/media\/380501"}],"wp:attachment":[{"href":"https:\/\/www.pcnen.com\/portal\/wp-json\/wp\/v2\/media?parent=411984"}],"wp:term":[{"taxonomy":"category","embeddable":true,"href":"https:\/\/www.pcnen.com\/portal\/wp-json\/wp\/v2\/categories?post=411984"},{"taxonomy":"post_tag","embeddable":true,"href":"https:\/\/www.pcnen.com\/portal\/wp-json\/wp\/v2\/tags?post=411984"}],"curies":[{"name":"wp","href":"https:\/\/api.w.org\/{rel}","templated":true}]}}