{"id":411977,"date":"2024-09-12T11:48:54","date_gmt":"2024-09-12T09:48:54","guid":{"rendered":"https:\/\/www.pcnen.com\/portal\/?p=411977"},"modified":"2024-09-12T12:04:57","modified_gmt":"2024-09-12T10:04:57","slug":"uklonjen-sporni-video-spot-podgoricke-cistoce","status":"publish","type":"post","link":"https:\/\/www.pcnen.com\/portal\/2024\/09\/12\/uklonjen-sporni-video-spot-podgoricke-cistoce\/","title":{"rendered":"Uklonjen sporni video spot podgori\u010dke &#8216;\u010cisto\u0107e&#8217;"},"content":{"rendered":"<p>Podgori\u010dko komunalno preduze\u0107a (\u010cisto\u0107a.doo) je br\u017ee &#8211; bolje uklonilo video spot u kome je apelovalo \u201cna sugra\u0111ane da budu savjesni i pomognu radnicima \u010cisto\u0107e da nam Podgorica bude \u010dista i da blista!\u201d<\/p>\n<p>Video spot je kritikovan kao potpuni proma\u0161aj na dru\u0161tvenim mre\u017eama, ali je, izgleda, bilo presudno to \u0161to se nije dopao ni predsjednici Skup\u0161tine Glavnog grada Jeleni Borovini\u0107 Bojovi\u0107.<\/p>\n<p>&#8220;Posebno zabrinjava \u010dinjenica da su \u017eene u spotu prikazane na stereotipan i degradiraju\u0107i na\u010din, i svedene na objekte pa\u017enje slu\u010dajnih prolaznika. Jasno je da je spot seksisti\u010dki i da dodatno u\u010dvr\u0161\u0107uje rodne stereotipe. Ono \u0161to je najva\u017enije, ovaj sadr\u017eaj ne odra\u017eava stvarne stavove o \u017eenama i njihovoj ulozi u dru\u0161tvu. Krajnje je vrijeme da se u javnom prostoru udaljimo od zastarjelih narativa koji \u017eene prikazuju kao bespomo\u0107ne figure i umjesto toga promovi\u0161emo pozitivan i podr\u017eavaju\u0107i stav prema njihovim sposobnostima i doprinosu. Sadr\u017eaj ovog spota ne odra\u017eava ni moje li\u010dne stavove i u potpunoj je suprotnosti sa mojom borbom za osna\u017eivanje \u017eena i dru\u0161tvo koje po\u010diva na rodnom balansu i jednakosti&#8221;, kazala je Borovini\u0107 Bojovi\u0107.<\/p>\n<p><em>U video spotu je prikazana mla\u0111a, dotjerana i dekoltirana \u017eena koja nosi kesu sa sme\u0107em i gura kofer. Ona dolazi do kontejnera za sme\u0107e i taman kad ho\u0107e da ubaci kesu pogleda na ru\u010dni sat i shvata (valjda) da kasni i odla\u017ee kesu sa sme\u0107em pored kontejnera. \u017denu pogledom prati mladi\u0107 koji sjedi na klupi i \u010dita novine (Vijesti), i nakon \u0161to ona odla\u017ee kesu sa sme\u0107em on joj prilazi i ubaca kesu u kontejner, nakon \u010dega odlaze zajedno i momak grli \u017eenu.<\/em><\/p>\n<blockquote class=\"wp-embedded-content\" data-secret=\"BibeEkTWOI\"><p><a href=\"https:\/\/www.pcnen.com\/portal\/2024\/09\/11\/podgorica-blista-kad-je-cista\/\">&#8216;Podgorica BLISTA, kad je \u010cISTA!&#8217;<\/a><\/p><\/blockquote>\n<p><iframe loading=\"lazy\" class=\"wp-embedded-content\" sandbox=\"allow-scripts\" security=\"restricted\" style=\"position: absolute; visibility: hidden;\" title=\"&#8220;&#8216;Podgorica BLISTA, kad je \u010cISTA!&#8217;&#8221; &#8212; PCNEN\" src=\"https:\/\/www.pcnen.com\/portal\/2024\/09\/11\/podgorica-blista-kad-je-cista\/embed\/#?secret=01klm2OtDM#?secret=BibeEkTWOI\" data-secret=\"BibeEkTWOI\" width=\"600\" height=\"338\" frameborder=\"0\" marginwidth=\"0\" marginheight=\"0\" scrolling=\"no\"><\/iframe><\/p>\n","protected":false},"excerpt":{"rendered":"<p>Podgori\u010dko komunalno preduze\u0107a (\u010cisto\u0107a.doo) je br\u017ee &#8211; bolje uklonilo video spot u kome je apelovalo \u201cna sugra\u0111ane da budu savjesni i pomognu radnicima \u010cisto\u0107e da nam Podgorica bude \u010dista i da blista!\u201d<\/p>\n","protected":false},"author":1,"featured_media":411936,"comment_status":"open","ping_status":"closed","sticky":false,"template":"","format":"standard","meta":{"_seopress_robots_primary_cat":"none","_seopress_titles_title":"","_seopress_titles_desc":"","_seopress_robots_index":"","_et_pb_use_builder":"","_et_pb_old_content":"","_et_gb_content_width":"","inline_featured_image":false,"footnotes":""},"categories":[14],"tags":[],"class_list":["post-411977","post","type-post","status-publish","format-standard","has-post-thumbnail","hentry","category-vijesti"],"_links":{"self":[{"href":"https:\/\/www.pcnen.com\/portal\/wp-json\/wp\/v2\/posts\/411977","targetHints":{"allow":["GET"]}}],"collection":[{"href":"https:\/\/www.pcnen.com\/portal\/wp-json\/wp\/v2\/posts"}],"about":[{"href":"https:\/\/www.pcnen.com\/portal\/wp-json\/wp\/v2\/types\/post"}],"author":[{"embeddable":true,"href":"https:\/\/www.pcnen.com\/portal\/wp-json\/wp\/v2\/users\/1"}],"replies":[{"embeddable":true,"href":"https:\/\/www.pcnen.com\/portal\/wp-json\/wp\/v2\/comments?post=411977"}],"version-history":[{"count":4,"href":"https:\/\/www.pcnen.com\/portal\/wp-json\/wp\/v2\/posts\/411977\/revisions"}],"predecessor-version":[{"id":411983,"href":"https:\/\/www.pcnen.com\/portal\/wp-json\/wp\/v2\/posts\/411977\/revisions\/411983"}],"wp:featuredmedia":[{"embeddable":true,"href":"https:\/\/www.pcnen.com\/portal\/wp-json\/wp\/v2\/media\/411936"}],"wp:attachment":[{"href":"https:\/\/www.pcnen.com\/portal\/wp-json\/wp\/v2\/media?parent=411977"}],"wp:term":[{"taxonomy":"category","embeddable":true,"href":"https:\/\/www.pcnen.com\/portal\/wp-json\/wp\/v2\/categories?post=411977"},{"taxonomy":"post_tag","embeddable":true,"href":"https:\/\/www.pcnen.com\/portal\/wp-json\/wp\/v2\/tags?post=411977"}],"curies":[{"name":"wp","href":"https:\/\/api.w.org\/{rel}","templated":true}]}}