{"id":411968,"date":"2024-09-12T10:01:22","date_gmt":"2024-09-12T08:01:22","guid":{"rendered":"https:\/\/www.pcnen.com\/portal\/?p=411968"},"modified":"2024-09-12T10:01:22","modified_gmt":"2024-09-12T08:01:22","slug":"odgodjen-koncert-kic-pop-hora-na-korculi","status":"publish","type":"post","link":"https:\/\/www.pcnen.com\/portal\/2024\/09\/12\/odgodjen-koncert-kic-pop-hora-na-korculi\/","title":{"rendered":"Odgo\u0111en koncert KIC pop hora na Kor\u010duli"},"content":{"rendered":"<p>Podgori\u010dki KIC pop hor u dogovoru sa Udru\u017eenjem antifa\u0161ista Kor\u010dule, odga\u0111a koncert \u201eBez dileme \u2013 antifa\u0161izam\u201c, koji je bio najavljen za subotu, 14. septembar, povodom 80 godina oslobo\u0111enja tog hrvatskog ostrva.<\/p>\n<p>Razlog je, kako je saop\u0161tila menad\u017eerka KIC pop hora Sne\u017eana Burzan Vuksanovi\u0107, to \u0161to nemaju prijavu za rad koja je neophodna i za neprofitna udru\u017eenja i za nekomercijalne nastupe stranih dr\u017eavljana u Republici Hrvatskoj.<\/p>\n<p>Zajednica hrvatskih dobrovoljaca Domovinskog rata poslala je ju\u010de otvoreno pismo javnosti, u kome zahtijevaju da povodom dana obilje\u017eavanju 80-godi\u0161njice oslobo\u0111enja Kor\u010dule ne nastupa KIC Pop hor iz Podgorice. Naveli su da im je, kao hrvatskim braniteljima, neprihvatljivo da pjesme s kojima namjerava da nastupi, pjeva hor iz dr\u017eave iz koje dolazi vojska koja ih je zajedno sa vojskom iz Srbije napala 1991. godine.<\/p>\n<blockquote class=\"wp-embedded-content\" data-secret=\"yvfmqCNyMz\"><p><a href=\"https:\/\/www.pcnen.com\/portal\/2024\/09\/11\/branitelji-na-korculi-ne-zele-crnogorski-hor-najavili-protest\/\">Branitelji na Kor\u010duli ne \u017eele crnogorski hor, najavili protest<\/a><\/p><\/blockquote>\n<p><iframe loading=\"lazy\" class=\"wp-embedded-content\" sandbox=\"allow-scripts\" security=\"restricted\" style=\"position: absolute; visibility: hidden;\" title=\"&#8220;Branitelji na Kor\u010duli ne \u017eele crnogorski hor, najavili protest&#8221; &#8212; PCNEN\" src=\"https:\/\/www.pcnen.com\/portal\/2024\/09\/11\/branitelji-na-korculi-ne-zele-crnogorski-hor-najavili-protest\/embed\/#?secret=kIKBvrZAIl#?secret=yvfmqCNyMz\" data-secret=\"yvfmqCNyMz\" width=\"600\" height=\"338\" frameborder=\"0\" marginwidth=\"0\" marginheight=\"0\" scrolling=\"no\"><\/iframe><\/p>\n","protected":false},"excerpt":{"rendered":"<p>Podgori\u010dki KIC pop hor u dogovoru sa Udru\u017eenjem antifa\u0161ista Kor\u010dule, odga\u0111a koncert \u201eBez dileme \u2013 antifa\u0161izam\u201c, koji je bio najavljen za subotu, 14. septembar, povodom 80 godina oslobo\u0111enja tog hrvatskog ostrva.<\/p>\n","protected":false},"author":1,"featured_media":411917,"comment_status":"open","ping_status":"closed","sticky":false,"template":"","format":"standard","meta":{"_seopress_robots_primary_cat":"none","_seopress_titles_title":"","_seopress_titles_desc":"","_seopress_robots_index":"","_et_pb_use_builder":"","_et_pb_old_content":"","_et_gb_content_width":"","inline_featured_image":false,"footnotes":""},"categories":[14],"tags":[],"class_list":["post-411968","post","type-post","status-publish","format-standard","has-post-thumbnail","hentry","category-vijesti"],"_links":{"self":[{"href":"https:\/\/www.pcnen.com\/portal\/wp-json\/wp\/v2\/posts\/411968","targetHints":{"allow":["GET"]}}],"collection":[{"href":"https:\/\/www.pcnen.com\/portal\/wp-json\/wp\/v2\/posts"}],"about":[{"href":"https:\/\/www.pcnen.com\/portal\/wp-json\/wp\/v2\/types\/post"}],"author":[{"embeddable":true,"href":"https:\/\/www.pcnen.com\/portal\/wp-json\/wp\/v2\/users\/1"}],"replies":[{"embeddable":true,"href":"https:\/\/www.pcnen.com\/portal\/wp-json\/wp\/v2\/comments?post=411968"}],"version-history":[{"count":1,"href":"https:\/\/www.pcnen.com\/portal\/wp-json\/wp\/v2\/posts\/411968\/revisions"}],"predecessor-version":[{"id":411971,"href":"https:\/\/www.pcnen.com\/portal\/wp-json\/wp\/v2\/posts\/411968\/revisions\/411971"}],"wp:featuredmedia":[{"embeddable":true,"href":"https:\/\/www.pcnen.com\/portal\/wp-json\/wp\/v2\/media\/411917"}],"wp:attachment":[{"href":"https:\/\/www.pcnen.com\/portal\/wp-json\/wp\/v2\/media?parent=411968"}],"wp:term":[{"taxonomy":"category","embeddable":true,"href":"https:\/\/www.pcnen.com\/portal\/wp-json\/wp\/v2\/categories?post=411968"},{"taxonomy":"post_tag","embeddable":true,"href":"https:\/\/www.pcnen.com\/portal\/wp-json\/wp\/v2\/tags?post=411968"}],"curies":[{"name":"wp","href":"https:\/\/api.w.org\/{rel}","templated":true}]}}