{"id":411959,"date":"2024-09-12T08:36:31","date_gmt":"2024-09-12T06:36:31","guid":{"rendered":"https:\/\/www.pcnen.com\/portal\/?p=411959"},"modified":"2024-09-12T10:09:59","modified_gmt":"2024-09-12T08:09:59","slug":"spo-hapsi-clanove-okg-u-budvi","status":"publish","type":"post","link":"https:\/\/www.pcnen.com\/portal\/2024\/09\/12\/spo-hapsi-clanove-okg-u-budvi\/","title":{"rendered":"SPO hapsi \u010dlanove OKG u Budvi"},"content":{"rendered":"<p>Specijalno policijsko odjeljenje (SPO) po nalogu Specijalnog dr\u017eavnog tu\u017eila\u0161tva (SDT) uhapsilo je jutros nekoliko osoba u Budvi, saznaju Vijesti.<\/p>\n<p>Uhap\u0161eni su \u010dlanovi organizovanih kriminalnih grupa, a tokom dana o\u010dekuje se njihovo privo\u0111enje u sjedi\u0161te SPO.<\/p>\n<p>Zbog hap\u0161enja pripadnika mafija\u0161kog klana u Budvi je jutros blokirano nekoliko ulica.<\/p>\n<p>Prema podacima &#8220;Vijesti&#8221;, slu\u017ebenici SPO uhapsili su Budvanina Davora Kordi\u0107a (42), koji se sumnji\u010di da je bio kriminalnog klana protiv kojeg je pokrenuta istraga SDT-a.<\/p>\n<p>Po nalogu SDT-a uhap\u0161en je i Aleksandar Sa\u0161a \u0106etkovi\u0107.<\/p>\n<p>Kordi\u0107 je hap\u0161en i u ljeto 2015. godine u velikoj policijskoj akciji &#8220;\u010cista\u010d&#8221; kada je istragom bilo obuhva\u0107eno \u010dak 26 osoba, zbog sumnje da su se bavili nabavkom i distribucijom kokaina.<\/p>\n<p>U toj akciji je u Budvi pored Kordi\u0107a uhap\u0161eno jo\u0161 16 osoba.<\/p>\n<p>Uhap\u0161eni Aleksandar \u0106etkovi\u0107 brat je ubijenog Miroslava \u0106etkovi\u0107a, koji je usmr\u0107en po\u010detkom januara 2017. godine ispred kafi\u0107a &#8220;Poco&#8221; U Budvi.<\/p>\n<p>\u0106etkovi\u0107a je u sa\u010deku\u0161i usmrtio pla\u0107eni ubica iz Bosne i Hercegovine Predrag Ilin\u010di\u0107, a prije nego je izdahnuo Budvanin je pucao na njega, nakon \u010dega je Bosanac ne\u0161to kasnije preminuo u kotorskoj bolnici.<\/p>\n<p>Uhap\u0161eni Kordi\u0107 i \u0106etkovi\u0107 su dio kriminalnog klana okupljenog oko Vasilija Rafailovi\u0107a.<\/p>\n","protected":false},"excerpt":{"rendered":"<p>Specijalno policijsko odjeljenje (SPO) po nalogu Specijalnog dr\u017eavnog tu\u017eila\u0161tva (SDT) uhapsilo je jutros nekoliko osoba u Budvi, saznaju Vijesti.<\/p>\n","protected":false},"author":1,"featured_media":282949,"comment_status":"open","ping_status":"closed","sticky":false,"template":"","format":"standard","meta":{"_seopress_robots_primary_cat":"none","_seopress_titles_title":"","_seopress_titles_desc":"","_seopress_robots_index":"","_et_pb_use_builder":"","_et_pb_old_content":"","_et_gb_content_width":"","inline_featured_image":false,"footnotes":""},"categories":[14],"tags":[],"class_list":["post-411959","post","type-post","status-publish","format-standard","has-post-thumbnail","hentry","category-vijesti"],"_links":{"self":[{"href":"https:\/\/www.pcnen.com\/portal\/wp-json\/wp\/v2\/posts\/411959","targetHints":{"allow":["GET"]}}],"collection":[{"href":"https:\/\/www.pcnen.com\/portal\/wp-json\/wp\/v2\/posts"}],"about":[{"href":"https:\/\/www.pcnen.com\/portal\/wp-json\/wp\/v2\/types\/post"}],"author":[{"embeddable":true,"href":"https:\/\/www.pcnen.com\/portal\/wp-json\/wp\/v2\/users\/1"}],"replies":[{"embeddable":true,"href":"https:\/\/www.pcnen.com\/portal\/wp-json\/wp\/v2\/comments?post=411959"}],"version-history":[{"count":2,"href":"https:\/\/www.pcnen.com\/portal\/wp-json\/wp\/v2\/posts\/411959\/revisions"}],"predecessor-version":[{"id":411972,"href":"https:\/\/www.pcnen.com\/portal\/wp-json\/wp\/v2\/posts\/411959\/revisions\/411972"}],"wp:featuredmedia":[{"embeddable":true,"href":"https:\/\/www.pcnen.com\/portal\/wp-json\/wp\/v2\/media\/282949"}],"wp:attachment":[{"href":"https:\/\/www.pcnen.com\/portal\/wp-json\/wp\/v2\/media?parent=411959"}],"wp:term":[{"taxonomy":"category","embeddable":true,"href":"https:\/\/www.pcnen.com\/portal\/wp-json\/wp\/v2\/categories?post=411959"},{"taxonomy":"post_tag","embeddable":true,"href":"https:\/\/www.pcnen.com\/portal\/wp-json\/wp\/v2\/tags?post=411959"}],"curies":[{"name":"wp","href":"https:\/\/api.w.org\/{rel}","templated":true}]}}