{"id":411938,"date":"2024-09-11T19:03:35","date_gmt":"2024-09-11T17:03:35","guid":{"rendered":"https:\/\/www.pcnen.com\/portal\/?p=411938"},"modified":"2024-09-11T19:03:35","modified_gmt":"2024-09-11T17:03:35","slug":"popodne-i-navece-padace-kisa","status":"publish","type":"post","link":"https:\/\/www.pcnen.com\/portal\/2024\/09\/11\/popodne-i-navece-padace-kisa\/","title":{"rendered":"Popodne i nave\u010de pada\u0107e ki\u0161a"},"content":{"rendered":"<p>Tokom prijepodneva u \u010detvrtak bi\u0107e sun\u010danih intervala, a na sjeveru Crne Gore \u0107e ujutro po kotlinama biti mogu\u0107a magla.<\/p>\n<p>Od sredine dana po\u010dinje ja\u010de naobla\u010denje, a u popodnevnim satima, u ju\u017enim i centralnim predjelima zemlje, bi\u0107e ki\u0161e i grmljavine. Tokom no\u0107i takvo vrijeme \u0107e se pro\u0161iriti na ve\u0107i dio zemlje.<\/p>\n<p>Intenzivnije padavine najavljuju se za kraj dana i tokom no\u0107i. Ki\u0161a \u0107e biti umjerena do jaka, a bi\u0107e pljuskova i grmljavine. Ponegdje \u0107e biti mogu\u0107e i kratkotrajne vremenske nepogode.<\/p>\n<p>Vjetar ju\u017enih smjerova \u0107e ja\u010dati i bi\u0107e umjeren do jak, a u zoni grmljavinskih oblaka na udare mogu\u0107e veoma jak i olujne ja\u010dine.<\/p>\n<p>Jutarnja temperatura vazduha bi\u0107e u rasponu od 7 do 20, a najvi\u0161a dnevna od 19 do 28 stepeni.<\/p>\n<blockquote><p>U Podgorici \u0107e se postepeno obla\u010diti, \u0161to \u0107e u popodnevnim satima usloviti ki\u0161u, a intenzivnije padavine krajem dana i tokom no\u0107i. Pada\u0107e umjerena do jaka ki\u0161a, a bi\u0107e pljuskova i grmljavine.<\/p>\n<p>Vjetar ju\u017enih smjerova \u0107e biti umjeren do poja\u010dan, a krajem dana i tokom no\u0107i na udare jak.<\/p>\n<p>Jutarnja temperatura vazduha bi\u0107e oko 18, a najvi\u0161a dnevna 27 stepeni.<\/p><\/blockquote>\n","protected":false},"excerpt":{"rendered":"<p>Od sredine dana po\u010dinje ja\u010de naobla\u010denje, a u popodnevnim satima, u ju\u017enim i centralnim predjelima zemlje, bi\u0107e ki\u0161e i grmljavine. Tokom no\u0107i takvo vrijeme \u0107e se pro\u0161iriti na ve\u0107i dio zemlje<\/p>\n","protected":false},"author":1,"featured_media":272974,"comment_status":"open","ping_status":"closed","sticky":false,"template":"","format":"standard","meta":{"_seopress_robots_primary_cat":"none","_seopress_titles_title":"","_seopress_titles_desc":"","_seopress_robots_index":"","_et_pb_use_builder":"","_et_pb_old_content":"","_et_gb_content_width":"","inline_featured_image":false,"footnotes":""},"categories":[14],"tags":[],"class_list":["post-411938","post","type-post","status-publish","format-standard","has-post-thumbnail","hentry","category-vijesti"],"_links":{"self":[{"href":"https:\/\/www.pcnen.com\/portal\/wp-json\/wp\/v2\/posts\/411938","targetHints":{"allow":["GET"]}}],"collection":[{"href":"https:\/\/www.pcnen.com\/portal\/wp-json\/wp\/v2\/posts"}],"about":[{"href":"https:\/\/www.pcnen.com\/portal\/wp-json\/wp\/v2\/types\/post"}],"author":[{"embeddable":true,"href":"https:\/\/www.pcnen.com\/portal\/wp-json\/wp\/v2\/users\/1"}],"replies":[{"embeddable":true,"href":"https:\/\/www.pcnen.com\/portal\/wp-json\/wp\/v2\/comments?post=411938"}],"version-history":[{"count":1,"href":"https:\/\/www.pcnen.com\/portal\/wp-json\/wp\/v2\/posts\/411938\/revisions"}],"predecessor-version":[{"id":411943,"href":"https:\/\/www.pcnen.com\/portal\/wp-json\/wp\/v2\/posts\/411938\/revisions\/411943"}],"wp:featuredmedia":[{"embeddable":true,"href":"https:\/\/www.pcnen.com\/portal\/wp-json\/wp\/v2\/media\/272974"}],"wp:attachment":[{"href":"https:\/\/www.pcnen.com\/portal\/wp-json\/wp\/v2\/media?parent=411938"}],"wp:term":[{"taxonomy":"category","embeddable":true,"href":"https:\/\/www.pcnen.com\/portal\/wp-json\/wp\/v2\/categories?post=411938"},{"taxonomy":"post_tag","embeddable":true,"href":"https:\/\/www.pcnen.com\/portal\/wp-json\/wp\/v2\/tags?post=411938"}],"curies":[{"name":"wp","href":"https:\/\/api.w.org\/{rel}","templated":true}]}}