{"id":411933,"date":"2024-09-11T18:38:15","date_gmt":"2024-09-11T16:38:15","guid":{"rendered":"https:\/\/www.pcnen.com\/portal\/?p=411933"},"modified":"2024-09-11T18:38:15","modified_gmt":"2024-09-11T16:38:15","slug":"podgorica-blista-kad-je-cista","status":"publish","type":"post","link":"https:\/\/www.pcnen.com\/portal\/2024\/09\/11\/podgorica-blista-kad-je-cista\/","title":{"rendered":"&#8216;Podgorica BLISTA, kad je \u010cISTA!&#8217;"},"content":{"rendered":"<p>Podgori\u010dko komunalno preduze\u0107a (\u010cisto\u0107a.doo) je skrenulo pa\u017enju na sebe video spotom u kome apeluju &#8220;na sugra\u0111ane da budu savjesni i pomognu radnicima \u010cisto\u0107e da nam Podgorica bude \u010dista i da blista!&#8221;<\/p>\n<p>Na dru\u0161tvenoj mre\u017ei FB je video sadr\u017eaj apela odmah izlo\u017een ozbiljnoj kritici i preporu\u010duje se kao dobar nastavni materijal za one koji se bave medijskom pismeno\u0161\u0107u.<\/p>\n<div class=\"xdj266r x11i5rnm xat24cr x1mh8g0r x1vvkbs x126k92a\">\n<div dir=\"auto\">&#8220;Opasno je i vrlo povr\u0161no upotrebljavati stereotipe koji su zastareli i problemati\u010dni. Jo\u0161 je opasnije kad to radi <span class=\"html-span xdj266r x11i5rnm xat24cr x1mh8g0r xexx8yu x4uap5 x18d9i69 xkhd6sd x1hl2dhg x16tdsg8 x1vvkbs\"><a class=\"x1i10hfl xjbqb8w x1ejq31n xd10rxx x1sy0etr x17r0tee x972fbf xcfux6l x1qhh985 xm0m39n x9f619 x1ypdohk xt0psk2 xe8uvvx xdj266r x11i5rnm xat24cr x1mh8g0r xexx8yu x4uap5 x18d9i69 xkhd6sd x16tdsg8 x1hl2dhg xggy1nq x1a2a7pz x1sur9pj xkrqix3 x1fey0fg xo1l8bm\" tabindex=\"0\" role=\"link\" href=\"https:\/\/www.facebook.com\/glavnigradPg?__cft__[0]=AZW7fkRYJOP4ZugMLtI_wk1d0N_13HN7LBsEbF6UiHuhHFc4opIFzk3ukMw6KiPa7ZaVmrd25jrtuv66Sa-CuSjqdfiTcI7DrGyiKvF7NCPm5UDzbmvnI4m_7LezjnPOotr64sTny0Iq030JqkSB4fLw3xa4-l4jSv6NM1JZorepzBIunFh0hP1i0KpBCICXY5kna-lZZht9DCmX5mSjz0X-D4FUf1OEbVZxL0dYulshuQ&amp;__tn__=-]K-R\"><span class=\"xt0psk2\">Glavni grad Podgorica<\/span><\/a><\/span> u prikazivanju kampanje za <span class=\"html-span xdj266r x11i5rnm xat24cr x1mh8g0r xexx8yu x4uap5 x18d9i69 xkhd6sd x1hl2dhg x16tdsg8 x1vvkbs\"><a class=\"x1i10hfl xjbqb8w x1ejq31n xd10rxx x1sy0etr x17r0tee x972fbf xcfux6l x1qhh985 xm0m39n x9f619 x1ypdohk xt0psk2 xe8uvvx xdj266r x11i5rnm xat24cr x1mh8g0r xexx8yu x4uap5 x18d9i69 xkhd6sd x16tdsg8 x1hl2dhg xggy1nq x1a2a7pz x1sur9pj xkrqix3 x1fey0fg xo1l8bm\" tabindex=\"0\" role=\"link\" href=\"https:\/\/www.facebook.com\/cistocadoo?__cft__[0]=AZW7fkRYJOP4ZugMLtI_wk1d0N_13HN7LBsEbF6UiHuhHFc4opIFzk3ukMw6KiPa7ZaVmrd25jrtuv66Sa-CuSjqdfiTcI7DrGyiKvF7NCPm5UDzbmvnI4m_7LezjnPOotr64sTny0Iq030JqkSB4fLw3xa4-l4jSv6NM1JZorepzBIunFh0hP1i0KpBCICXY5kna-lZZht9DCmX5mSjz0X-D4FUf1OEbVZxL0dYulshuQ&amp;__tn__=-]K-R\"><span class=\"xt0psk2\">\u010cisto\u0107a doo Podgorica<\/span><\/a><\/span>. Volio bih da znam ko od na\u0161eg novca finansira produkciju spota u kome se u 2024. \u017eena svodi na seksualni objekat?&#8221;, komentar je filmskog re\u017eisera i dru\u0161tvenog aktiviste Mladena Ivanovi\u0107a.<\/div>\n<\/div>\n<p>&nbsp;<\/p>\n<p><iframe loading=\"lazy\" style=\"border: none; overflow: hidden;\" src=\"https:\/\/www.facebook.com\/plugins\/video.php?height=314&amp;href=https%3A%2F%2Fwww.facebook.com%2FglavnigradPg%2Fvideos%2F366927649688957%2F&amp;show_text=false&amp;width=560&amp;t=0\" width=\"560\" height=\"314\" frameborder=\"0\" scrolling=\"no\" allowfullscreen=\"allowfullscreen\"><\/iframe><\/p>\n","protected":false},"excerpt":{"rendered":"<p>Na dru\u0161tvenoj mre\u017ei FB je video sadr\u017eaj apela odmah izlo\u017een ozbiljnoj kritici i preporu\u010duje se kao dobar nastavni materijal za one koji se bave medijskom pismeno\u0161\u0107u<\/p>\n","protected":false},"author":1,"featured_media":411936,"comment_status":"open","ping_status":"closed","sticky":false,"template":"","format":"standard","meta":{"_seopress_robots_primary_cat":"none","_seopress_titles_title":"","_seopress_titles_desc":"","_seopress_robots_index":"","_et_pb_use_builder":"","_et_pb_old_content":"","_et_gb_content_width":"","inline_featured_image":false,"footnotes":""},"categories":[14],"tags":[],"class_list":["post-411933","post","type-post","status-publish","format-standard","has-post-thumbnail","hentry","category-vijesti"],"_links":{"self":[{"href":"https:\/\/www.pcnen.com\/portal\/wp-json\/wp\/v2\/posts\/411933","targetHints":{"allow":["GET"]}}],"collection":[{"href":"https:\/\/www.pcnen.com\/portal\/wp-json\/wp\/v2\/posts"}],"about":[{"href":"https:\/\/www.pcnen.com\/portal\/wp-json\/wp\/v2\/types\/post"}],"author":[{"embeddable":true,"href":"https:\/\/www.pcnen.com\/portal\/wp-json\/wp\/v2\/users\/1"}],"replies":[{"embeddable":true,"href":"https:\/\/www.pcnen.com\/portal\/wp-json\/wp\/v2\/comments?post=411933"}],"version-history":[{"count":1,"href":"https:\/\/www.pcnen.com\/portal\/wp-json\/wp\/v2\/posts\/411933\/revisions"}],"predecessor-version":[{"id":411937,"href":"https:\/\/www.pcnen.com\/portal\/wp-json\/wp\/v2\/posts\/411933\/revisions\/411937"}],"wp:featuredmedia":[{"embeddable":true,"href":"https:\/\/www.pcnen.com\/portal\/wp-json\/wp\/v2\/media\/411936"}],"wp:attachment":[{"href":"https:\/\/www.pcnen.com\/portal\/wp-json\/wp\/v2\/media?parent=411933"}],"wp:term":[{"taxonomy":"category","embeddable":true,"href":"https:\/\/www.pcnen.com\/portal\/wp-json\/wp\/v2\/categories?post=411933"},{"taxonomy":"post_tag","embeddable":true,"href":"https:\/\/www.pcnen.com\/portal\/wp-json\/wp\/v2\/tags?post=411933"}],"curies":[{"name":"wp","href":"https:\/\/api.w.org\/{rel}","templated":true}]}}