{"id":411912,"date":"2024-09-11T15:44:55","date_gmt":"2024-09-11T13:44:55","guid":{"rendered":"https:\/\/www.pcnen.com\/portal\/?p=411912"},"modified":"2024-09-11T15:44:55","modified_gmt":"2024-09-11T13:44:55","slug":"branitelji-na-korculi-ne-zele-crnogorski-hor-najavili-protest","status":"publish","type":"post","link":"https:\/\/www.pcnen.com\/portal\/2024\/09\/11\/branitelji-na-korculi-ne-zele-crnogorski-hor-najavili-protest\/","title":{"rendered":"Branitelji na Kor\u010duli ne \u017eele crnogorski hor, najavili protest"},"content":{"rendered":"<p>Na Kor\u010duli se u subotu obilje\u017eava 80. godi\u0161njica oslobo\u0111enja grada od fa\u0161ista, a braniteljske udruge su najavile protest zbog koncerta koji \u0107e se taj dan odr\u017eati u Ljetnom kinu.<\/p>\n<p>Organizator doga\u0111aja, Udruga antifa\u0161ista grada Kor\u010dule, na obilje\u017eavanje je pozvao crnogorski amaterski KIC pop hor.<\/p>\n<p>To je zasmetalo Udruzi hrvatskih dragovoljaca Domovinskog rata (UHDDR) koja je poslala otvoreno pismo kojim od \u010dlanova zbora zahtijevaju da odustanu od svog nastupa.<\/p>\n<p>\u201cKao udruge podr\u017eavamo obilje\u017eavanje 80. godi\u0161njice oslobo\u0111enja Kor\u010dule, ali nam je kao hrvatskim braniteljima neprihvatljivo da pjesme s kojima namjeravate nastupiti pjeva zbor iz dr\u017eave iz koje dolazi vojska koja nas je zajedno sa vojskom iz Srbije napala 1991. vojska od koje smo branili Dubrovnik, Ston i ostatak Republike Hrvatske\u201d, pi\u0161e u otvorenom pismu kojeg potpisuje i predsjednik UHDDR \u010cara.<\/p>\n<p>U pismu horu navode i da im smetaju \u201csimboli totalitarnog re\u017eima biv\u0161e dr\u017eave na ovim prostorima koji se \u010desto nalaze u pozadini prilikom va\u0161ih nastupa a isti veli\u010daju jugoslavenski unitarizam\u201d.<\/p>\n<p>Najavili su da \u0107e prosvjed protiv koncerta odr\u017eati na ulazu u Ljetno kino, te da \u0107e pjevati hrvatske pjesme.<\/p>\n<p>\u201cZbog svega kore navedenog molimo vas, a i zahtijevamo da odustanete od svog nastupa u Kor\u010duli 14. rujna 2024. godine\u201d, pi\u0161u iz udruge, a prenosi Index.hr.<\/p>\n<p>Kic pop hor osnovan je 2017. godine, a \u010dini ga 60-ak pjeva\u010da amatera. Hor \u010dine ljudi razli\u010ditih zanimanja i generacija, a po\u010detkom ove godine su odr\u017eali svoj 100. koncert.<\/p>\n","protected":false},"excerpt":{"rendered":"<p>Na Kor\u010duli se u subotu obilje\u017eava 80. godi\u0161njica oslobo\u0111enja grada od fa\u0161ista, a braniteljske udruge su najavile protest zbog koncerta koji \u0107e se taj dan odr\u017eati u Ljetnom kinu. Organizator doga\u0111aja, Udruga antifa\u0161ista grada Kor\u010dule, na obilje\u017eavanje je pozvao crnogorski amaterski KIC pop hor. To je zasmetalo Udruzi hrvatskih dragovoljaca Domovinskog rata (UHDDR) koja je [&hellip;]<\/p>\n","protected":false},"author":1,"featured_media":411917,"comment_status":"open","ping_status":"closed","sticky":false,"template":"","format":"standard","meta":{"_seopress_robots_primary_cat":"none","_seopress_titles_title":"","_seopress_titles_desc":"","_seopress_robots_index":"","_et_pb_use_builder":"","_et_pb_old_content":"","_et_gb_content_width":"","inline_featured_image":false,"footnotes":""},"categories":[14],"tags":[],"class_list":["post-411912","post","type-post","status-publish","format-standard","has-post-thumbnail","hentry","category-vijesti"],"_links":{"self":[{"href":"https:\/\/www.pcnen.com\/portal\/wp-json\/wp\/v2\/posts\/411912","targetHints":{"allow":["GET"]}}],"collection":[{"href":"https:\/\/www.pcnen.com\/portal\/wp-json\/wp\/v2\/posts"}],"about":[{"href":"https:\/\/www.pcnen.com\/portal\/wp-json\/wp\/v2\/types\/post"}],"author":[{"embeddable":true,"href":"https:\/\/www.pcnen.com\/portal\/wp-json\/wp\/v2\/users\/1"}],"replies":[{"embeddable":true,"href":"https:\/\/www.pcnen.com\/portal\/wp-json\/wp\/v2\/comments?post=411912"}],"version-history":[{"count":1,"href":"https:\/\/www.pcnen.com\/portal\/wp-json\/wp\/v2\/posts\/411912\/revisions"}],"predecessor-version":[{"id":411918,"href":"https:\/\/www.pcnen.com\/portal\/wp-json\/wp\/v2\/posts\/411912\/revisions\/411918"}],"wp:featuredmedia":[{"embeddable":true,"href":"https:\/\/www.pcnen.com\/portal\/wp-json\/wp\/v2\/media\/411917"}],"wp:attachment":[{"href":"https:\/\/www.pcnen.com\/portal\/wp-json\/wp\/v2\/media?parent=411912"}],"wp:term":[{"taxonomy":"category","embeddable":true,"href":"https:\/\/www.pcnen.com\/portal\/wp-json\/wp\/v2\/categories?post=411912"},{"taxonomy":"post_tag","embeddable":true,"href":"https:\/\/www.pcnen.com\/portal\/wp-json\/wp\/v2\/tags?post=411912"}],"curies":[{"name":"wp","href":"https:\/\/api.w.org\/{rel}","templated":true}]}}