{"id":411908,"date":"2024-09-11T12:14:32","date_gmt":"2024-09-11T10:14:32","guid":{"rendered":"https:\/\/www.pcnen.com\/portal\/?p=411908"},"modified":"2024-09-11T12:14:32","modified_gmt":"2024-09-11T10:14:32","slug":"haski-sud-kaznio-komandanta-ovk-15-godina-zatvora-zbog-zlocina-nad-albancima","status":"publish","type":"post","link":"https:\/\/www.pcnen.com\/portal\/2024\/09\/11\/haski-sud-kaznio-komandanta-ovk-15-godina-zatvora-zbog-zlocina-nad-albancima\/","title":{"rendered":"Ha\u0161ki sud kaznio komandanta OVK 15 godina zatvora zbog zlo\u010dina nad Albancima"},"content":{"rendered":"<p>Specijalizovana vije\u0107a Kosova u Hagu su izrekla novu kaznu od ukupno 15 godina zatvora biv\u0161em komandantu OVK Saljihu Mustafi, zbog zlo\u010dina nad Albancima u okolini Pri\u0161tine u prolje\u0107e 1999. godine.<\/p>\n<p>Mustafu je prvostepeno sudsko vije\u0107e u decembru 2022. osudilo na 26 godina zatvora, a godinu dana kasnije \u017ealbeno vije\u0107e je tu kaznu smanjilo \u010detiri godine.<\/p>\n<p>Mustafa, koji je biokomandant jedinice BIA u sastavu OVK, progla\u0161en je krivim za proizvoljno li\u0161avanje slobode, mu\u010denje i ubistvo Albanaca, koje je OVK smatrala \u201ekolaborantima\u201c, u planinskom selu Zla\u0161, nedaleko od Pri\u0161tine, u aprilu 1999, <a href=\"https:\/\/kossev.info\/haski-sud-staresinu-ovk-mustafu-kaznio-sa-15-godina-zatvora-zbog-zlocina-nad-albancima-kosovo-online-najnovije-vesti\/\" target=\"_blank\" rel=\"noopener\">prenosi<\/a> kossev.info.<\/p>\n","protected":false},"excerpt":{"rendered":"<p>Specijalizovana vije\u0107a Kosova u Hagu su izrekla novu kaznu od ukupno 15 godina zatvora biv\u0161em komandantu OVK Saljihu Mustafi, zbog zlo\u010dina nad Albancima u okolini Pri\u0161tine u prolje\u0107e 1999. <\/p>\n","protected":false},"author":1,"featured_media":360764,"comment_status":"open","ping_status":"closed","sticky":false,"template":"","format":"standard","meta":{"_seopress_robots_primary_cat":"none","_seopress_titles_title":"","_seopress_titles_desc":"","_seopress_robots_index":"","_et_pb_use_builder":"","_et_pb_old_content":"","_et_gb_content_width":"","inline_featured_image":false,"footnotes":""},"categories":[14],"tags":[],"class_list":["post-411908","post","type-post","status-publish","format-standard","has-post-thumbnail","hentry","category-vijesti"],"_links":{"self":[{"href":"https:\/\/www.pcnen.com\/portal\/wp-json\/wp\/v2\/posts\/411908","targetHints":{"allow":["GET"]}}],"collection":[{"href":"https:\/\/www.pcnen.com\/portal\/wp-json\/wp\/v2\/posts"}],"about":[{"href":"https:\/\/www.pcnen.com\/portal\/wp-json\/wp\/v2\/types\/post"}],"author":[{"embeddable":true,"href":"https:\/\/www.pcnen.com\/portal\/wp-json\/wp\/v2\/users\/1"}],"replies":[{"embeddable":true,"href":"https:\/\/www.pcnen.com\/portal\/wp-json\/wp\/v2\/comments?post=411908"}],"version-history":[{"count":1,"href":"https:\/\/www.pcnen.com\/portal\/wp-json\/wp\/v2\/posts\/411908\/revisions"}],"predecessor-version":[{"id":411911,"href":"https:\/\/www.pcnen.com\/portal\/wp-json\/wp\/v2\/posts\/411908\/revisions\/411911"}],"wp:featuredmedia":[{"embeddable":true,"href":"https:\/\/www.pcnen.com\/portal\/wp-json\/wp\/v2\/media\/360764"}],"wp:attachment":[{"href":"https:\/\/www.pcnen.com\/portal\/wp-json\/wp\/v2\/media?parent=411908"}],"wp:term":[{"taxonomy":"category","embeddable":true,"href":"https:\/\/www.pcnen.com\/portal\/wp-json\/wp\/v2\/categories?post=411908"},{"taxonomy":"post_tag","embeddable":true,"href":"https:\/\/www.pcnen.com\/portal\/wp-json\/wp\/v2\/tags?post=411908"}],"curies":[{"name":"wp","href":"https:\/\/api.w.org\/{rel}","templated":true}]}}