{"id":411874,"date":"2024-09-10T20:16:07","date_gmt":"2024-09-10T18:16:07","guid":{"rendered":"https:\/\/www.pcnen.com\/portal\/?p=411874"},"modified":"2024-09-10T20:16:07","modified_gmt":"2024-09-10T18:16:07","slug":"evropa-kaznila-apple-i-google","status":"publish","type":"post","link":"https:\/\/www.pcnen.com\/portal\/2024\/09\/10\/evropa-kaznila-apple-i-google\/","title":{"rendered":"Evropa kaznila Apple i Google"},"content":{"rendered":"<p>Evropski sud pravde je odlu\u010dio da tehnolo\u0161ki giganti &#8220;Apple&#8221; i &#8220;Google&#8221; moraju da plate milijarde evra po zavr\u0161etku vi\u0161egodi\u0161njih odvojenih pravnih sporova sa administracijom u Briselu.<\/p>\n<p>Sud je objavio da &#8220;Apple&#8221; mora da plati Irskoj 13 milijardi evra zaostalih poreza, a nekoliko minuta kasnije &#8220;Google&#8221; je ka\u017enjen sa 2,4 milijarde evra zbog kr\u0161enja propisa o konkurentosti, prenio je AFP.<\/p>\n<p>Sud je odbacio \u017ealbu &#8220;Googlea&#8221; na nov\u010danu kaznu iz 2017. godine, koja je izre\u010dena zbog zloupotrebe dominantne pozicije istoimenog pretra\u017eiva\u010da interneta favorizovanjem sopstvenog servisa za onlajn kupovinu.<\/p>\n<p>&#8220;Apple&#8221; ne\u0107e biti mnogo pogo\u0111en dana\u0161njom presudom, po\u0161to je kompanija u 2023. godini ostvarila globalnu prodaju od 383 milijarde dolara i neto profit od 97 milijardi dolara.<\/p>\n<p>Komesar EU za tr\u017ei\u0161nu konkurentnost Margrete Vestager pozdravila je presude kao &#8220;veliku pobjedu za evropske gra\u0111ane i poresku pravdu&#8221; i upozorila da \u0107e EU &#8220;nastaviti da pritiska&#8221; i da \u0107e i dalje djelovati protiv zloupotrebe dominacije.<\/p>\n<p>&#8220;Apple&#8221; i &#8220;Google&#8221; su objavili da su &#8220;razo\u010darani&#8221; odlukama.<\/p>\n<p>Irska, u kojoj se nalazi sjedi\u0161te &#8220;Applea&#8221; u EU i koja je osporila stav Brisela, saop\u0161tila je da \u0107e &#8220;po\u0161tovati&#8221; odluke suda.Prema prora\u010dunima Evropske komisije, Dablin je dozvolio &#8220;Appleu&#8221; da plati poresku stopu od jedan odsto na svoj evropski profit 2003. godine, a potom je poreska stopa pala na 0,005 odsto do 2014. Godine, prenosi Srna.<\/p>\n","protected":false},"excerpt":{"rendered":"<p>Evropski sud pravde je odlu\u010dio da tehnolo\u0161ki giganti &#8220;Apple&#8221; i &#8220;Google&#8221; moraju da plate milijarde evra po zavr\u0161etku vi\u0161egodi\u0161njih odvojenih pravnih sporova sa administracijom u Briselu.<\/p>\n","protected":false},"author":1,"featured_media":275331,"comment_status":"open","ping_status":"closed","sticky":false,"template":"","format":"standard","meta":{"_seopress_robots_primary_cat":"none","_seopress_titles_title":"","_seopress_titles_desc":"","_seopress_robots_index":"","_et_pb_use_builder":"","_et_pb_old_content":"","_et_gb_content_width":"","inline_featured_image":false,"footnotes":""},"categories":[14],"tags":[],"class_list":["post-411874","post","type-post","status-publish","format-standard","has-post-thumbnail","hentry","category-vijesti"],"_links":{"self":[{"href":"https:\/\/www.pcnen.com\/portal\/wp-json\/wp\/v2\/posts\/411874","targetHints":{"allow":["GET"]}}],"collection":[{"href":"https:\/\/www.pcnen.com\/portal\/wp-json\/wp\/v2\/posts"}],"about":[{"href":"https:\/\/www.pcnen.com\/portal\/wp-json\/wp\/v2\/types\/post"}],"author":[{"embeddable":true,"href":"https:\/\/www.pcnen.com\/portal\/wp-json\/wp\/v2\/users\/1"}],"replies":[{"embeddable":true,"href":"https:\/\/www.pcnen.com\/portal\/wp-json\/wp\/v2\/comments?post=411874"}],"version-history":[{"count":1,"href":"https:\/\/www.pcnen.com\/portal\/wp-json\/wp\/v2\/posts\/411874\/revisions"}],"predecessor-version":[{"id":411877,"href":"https:\/\/www.pcnen.com\/portal\/wp-json\/wp\/v2\/posts\/411874\/revisions\/411877"}],"wp:featuredmedia":[{"embeddable":true,"href":"https:\/\/www.pcnen.com\/portal\/wp-json\/wp\/v2\/media\/275331"}],"wp:attachment":[{"href":"https:\/\/www.pcnen.com\/portal\/wp-json\/wp\/v2\/media?parent=411874"}],"wp:term":[{"taxonomy":"category","embeddable":true,"href":"https:\/\/www.pcnen.com\/portal\/wp-json\/wp\/v2\/categories?post=411874"},{"taxonomy":"post_tag","embeddable":true,"href":"https:\/\/www.pcnen.com\/portal\/wp-json\/wp\/v2\/tags?post=411874"}],"curies":[{"name":"wp","href":"https:\/\/api.w.org\/{rel}","templated":true}]}}