{"id":411866,"date":"2024-09-10T18:01:15","date_gmt":"2024-09-10T16:01:15","guid":{"rendered":"https:\/\/www.pcnen.com\/portal\/?p=411866"},"modified":"2024-09-10T18:01:15","modified_gmt":"2024-09-10T16:01:15","slug":"mc-dostavio-skupstini-inicijativu-za-primjenu-zakona-o-audiovizuelnim-medijskim-uslugama","status":"publish","type":"post","link":"https:\/\/www.pcnen.com\/portal\/2024\/09\/10\/mc-dostavio-skupstini-inicijativu-za-primjenu-zakona-o-audiovizuelnim-medijskim-uslugama\/","title":{"rendered":"MC dostavio Skup\u0161tini inicijativu za primjenu Zakona o audiovizuelnim medijskim uslugama"},"content":{"rendered":"<p>Media centar je dostavio danas predsjedniku Skup\u0161tine Andriji Mandi\u0107u i predsjednici Administrativnog odbora Jeleni Nedovi\u0107 inicijativu za primjenu Zakona o audiovizuelnim medijskim uslugama i podsjetio ih na obavezu da na osnovu \u010dlana 153 novog Zakona o audiovizuelnim medijskim uslugama &#8220;zapo\u010dnu i dovr\u0161e postupak izbora novih \u010dlanova Savjeta Agencije za audiovizuelne medijske usluge&#8221;.<\/p>\n<p>&#8220;Media centar skre\u0107e pa\u017enju predsjedniku Skup\u0161tine i Administrativnom odboru da je \u010dlanom 153 novog Zakona o audiovizuelnim medijskim uslugama predvi\u0111eno da: \u201epostupak imenovanja \u010dlana Savjeta Agencije pokre\u0107e predsjednik Skup\u0161tine objavljivanjem javnog poziva ovla\u0161\u0107enim predlaga\u010dima, najkasnije \u0161est mjeseci prije isteka mandata \u010dlanu Savjeta Agencije. \u010clanu Savjeta Agencije iz reda NVO, Milanu Radovi\u0107u, mandat isti\u010de u decembru ove godine, pa je zakonom predvi\u0111en rok od 6 mjeseci ve\u0107 prekora\u010den&#8221;, pi\u0161e u <a href=\"https:\/\/mediacentar.me\/media-centar-dostavio-skupstini-inicijativu-za-primjenu-zakona-o-audiovizuelnim-medijskim-uslugama\/\" target=\"_blank\" rel=\"noopener\">saop\u0161tenju<\/a> Media centra.<\/p>\n<p>Media centar je upozorio na mogu\u0107e posljedice &#8220;ukoliko postupak ne bude zapo\u010det momentalno&#8221;. &#8220;Postoji mogu\u0107nost da se u decembru (kako je planirano) ne zatvori pregovara\u010dko poglavlje 10 (informati\u010dko dru\u0161tvo i mediji). Tako\u0111e, ukoliko postupak imenovanja novog \u010dlana Savjeta Agencije ne bude zapo\u010det odmah, otvara se prostor za sumnje da postoje politi\u010dki razlozi za kr\u0161enje zakona&#8221;.<\/p>\n","protected":false},"excerpt":{"rendered":"<p>Media centar je dostavio danas predsjedniku Skup\u0161tine Andriji Mandi\u0107u i predsjednici Administrativnog odbora Jeleni Nedovi\u0107 inicijativu za primjenu Zakona o audiovizuelnim medijskim uslugama i podsjetio ih na zakonsku obavezu da  &#8220;zapo\u010dnu i dovr\u0161e postupak izbora novih \u010dlanova Savjeta Agencije za audiovizuelne medijske usluge&#8221;<\/p>\n","protected":false},"author":1,"featured_media":343274,"comment_status":"open","ping_status":"closed","sticky":false,"template":"","format":"standard","meta":{"_seopress_robots_primary_cat":"none","_seopress_titles_title":"","_seopress_titles_desc":"","_seopress_robots_index":"","_et_pb_use_builder":"","_et_pb_old_content":"","_et_gb_content_width":"","inline_featured_image":false,"footnotes":""},"categories":[14],"tags":[],"class_list":["post-411866","post","type-post","status-publish","format-standard","has-post-thumbnail","hentry","category-vijesti"],"_links":{"self":[{"href":"https:\/\/www.pcnen.com\/portal\/wp-json\/wp\/v2\/posts\/411866","targetHints":{"allow":["GET"]}}],"collection":[{"href":"https:\/\/www.pcnen.com\/portal\/wp-json\/wp\/v2\/posts"}],"about":[{"href":"https:\/\/www.pcnen.com\/portal\/wp-json\/wp\/v2\/types\/post"}],"author":[{"embeddable":true,"href":"https:\/\/www.pcnen.com\/portal\/wp-json\/wp\/v2\/users\/1"}],"replies":[{"embeddable":true,"href":"https:\/\/www.pcnen.com\/portal\/wp-json\/wp\/v2\/comments?post=411866"}],"version-history":[{"count":1,"href":"https:\/\/www.pcnen.com\/portal\/wp-json\/wp\/v2\/posts\/411866\/revisions"}],"predecessor-version":[{"id":411869,"href":"https:\/\/www.pcnen.com\/portal\/wp-json\/wp\/v2\/posts\/411866\/revisions\/411869"}],"wp:featuredmedia":[{"embeddable":true,"href":"https:\/\/www.pcnen.com\/portal\/wp-json\/wp\/v2\/media\/343274"}],"wp:attachment":[{"href":"https:\/\/www.pcnen.com\/portal\/wp-json\/wp\/v2\/media?parent=411866"}],"wp:term":[{"taxonomy":"category","embeddable":true,"href":"https:\/\/www.pcnen.com\/portal\/wp-json\/wp\/v2\/categories?post=411866"},{"taxonomy":"post_tag","embeddable":true,"href":"https:\/\/www.pcnen.com\/portal\/wp-json\/wp\/v2\/tags?post=411866"}],"curies":[{"name":"wp","href":"https:\/\/api.w.org\/{rel}","templated":true}]}}