{"id":411861,"date":"2024-09-10T17:00:50","date_gmt":"2024-09-10T15:00:50","guid":{"rendered":"https:\/\/www.pcnen.com\/portal\/?p=411861"},"modified":"2024-09-10T17:00:50","modified_gmt":"2024-09-10T15:00:50","slug":"svajcarska-politicarka-izresetala-sliku-bogorodice-sa-isusom","status":"publish","type":"post","link":"https:\/\/www.pcnen.com\/portal\/2024\/09\/10\/svajcarska-politicarka-izresetala-sliku-bogorodice-sa-isusom\/","title":{"rendered":"\u0160vajcarska politi\u010darka izre\u0161etala sliku Bogorodice sa Isusom"},"content":{"rendered":"<p>Ne sti\u0161avaju se reakcije na potez \u0161vajcarske politi\u010darke Sanije Ameti koja je, vje\u017ebaju\u0107i pucanje, izre\u0161etala sliku Bogorodice sa Isusom.<\/p>\n<p>Omladina desni\u010darske \u0160vajcarske narodne stranke podnijela je krivi\u010dnu prijavu protiv politi\u010darke\u00a0 zbog kr\u0161enja slobode vjere i bogoslu\u017eenja, objavila je ta stranka. Nikolas Rimoldi, osniva\u010d Mass-Voll pokreta, pokrenutog kao protest protiv pandemijskih mjera, tako\u0111e je najavio da \u0107e podnijeti prijavu.<\/p>\n<p>Nakon \u0161to je \u0161vajcarski dnevnik Blick izvijestio o slikama koje je Ameti, ina\u010de poreklom Albanka, objavila na Instagramu u nedjelju, nije trebalo dugo da 32-godi\u0161nja politi\u010darka odgovori na kritike. Obrisala je slike i napisala da nije bila svjesna \u0161to je u\u010dinila te je zatra\u017eila opro\u0161taj.<\/p>\n<p>Usred kritika, Ameti je podnijela ostavku na mjesto vo\u0111stva Zelenih liberala u Cirihu, prenosi Index.hr<\/p>\n<p>Stranka tako\u0111e razmatra postupak isklju\u010denja, prema izvje\u0161taju \u0161vajcarske javne televizije SRF.<\/p>\n<p>\u201cPo mi\u0161ljenju vo\u0111stva stranke, dalje \u010dlanstvo Sanije Ameti u Zelenim liberalima na\u0161tetilo bi ugledu stranke. Kako bi se sprije\u010dila dalja \u0161teta, stranka zahtijeva da se odmah pokrene postupak isklju\u010denja\u201d, saop\u0161tila je stranka.<\/p>\n<p>Ameti je kao metu za puca\u010dki trening iskoristila katalog aukcijske ku\u0107e Koler, i to prikaz Marije s malim Isusom u naru\u010dju.<\/p>\n<p>Na Instagramu je Ameti, koja u slobodno vrijeme i ina\u010de voli da puca, objavila dvije fotografije sa pucanja na sliku Marije i Isusa.<\/p>\n<p>Na fotografiji na kojoj je izbliza uslikana izre\u0161etana slika, primijetno je dvadesetak rupa od metaka.<\/p>\n<p>Ameti je rekla da je slu\u010dajno imala umjetni\u010dki katalog kod sebe i da nije obra\u0107ala pa\u017enju na vjerski sadr\u017eaj slike.<\/p>\n<blockquote class=\"twitter-tweet\">\n<p dir=\"ltr\" lang=\"it\">Questa sulle foto \u00e8 <a href=\"https:\/\/twitter.com\/hashtag\/Sanija?src=hash&amp;ref_src=twsrc%5Etfw\">#Sanija<\/a> Ameti, \u201csignorina\u201d ucraina che vive in <a href=\"https:\/\/twitter.com\/hashtag\/Svizzera?src=hash&amp;ref_src=twsrc%5Etfw\">#Svizzera<\/a>, consigliera del partito svizzero dei <a href=\"https:\/\/twitter.com\/hashtag\/verdi?src=hash&amp;ref_src=twsrc%5Etfw\">#verdi<\/a> liberisti, fervente sostenitrice del regime ucronazista, che dimostrativamente usa l\u2019icona di Maria e Ges\u00f9 come bersaglio per il tiro a segno con pistola. <a href=\"https:\/\/t.co\/9yKIsDM1Tk\">pic.twitter.com\/9yKIsDM1Tk<\/a><\/p>\n<p>\u2014 NaMgALSiPSCLAr (@Dryhead0ne) <a href=\"https:\/\/twitter.com\/Dryhead0ne\/status\/1833051199609651455?ref_src=twsrc%5Etfw\">September 9, 2024<\/a><\/p><\/blockquote>\n<p><script async src=\"https:\/\/platform.twitter.com\/widgets.js\" charset=\"utf-8\"><\/script><\/p>\n","protected":false},"excerpt":{"rendered":"<p>Ne sti\u0161avaju se reakcije na potez \u0161vajcarske politi\u010darke Sanije Ameti koja je, vje\u017ebaju\u0107i pucanje, izre\u0161etala sliku Bogorodice sa Isusom.\u00a0<\/p>\n","protected":false},"author":1,"featured_media":411864,"comment_status":"open","ping_status":"closed","sticky":false,"template":"","format":"standard","meta":{"_seopress_robots_primary_cat":"none","_seopress_titles_title":"","_seopress_titles_desc":"","_seopress_robots_index":"","_et_pb_use_builder":"","_et_pb_old_content":"","_et_gb_content_width":"","inline_featured_image":false,"footnotes":""},"categories":[14],"tags":[],"class_list":["post-411861","post","type-post","status-publish","format-standard","has-post-thumbnail","hentry","category-vijesti"],"_links":{"self":[{"href":"https:\/\/www.pcnen.com\/portal\/wp-json\/wp\/v2\/posts\/411861","targetHints":{"allow":["GET"]}}],"collection":[{"href":"https:\/\/www.pcnen.com\/portal\/wp-json\/wp\/v2\/posts"}],"about":[{"href":"https:\/\/www.pcnen.com\/portal\/wp-json\/wp\/v2\/types\/post"}],"author":[{"embeddable":true,"href":"https:\/\/www.pcnen.com\/portal\/wp-json\/wp\/v2\/users\/1"}],"replies":[{"embeddable":true,"href":"https:\/\/www.pcnen.com\/portal\/wp-json\/wp\/v2\/comments?post=411861"}],"version-history":[{"count":1,"href":"https:\/\/www.pcnen.com\/portal\/wp-json\/wp\/v2\/posts\/411861\/revisions"}],"predecessor-version":[{"id":411865,"href":"https:\/\/www.pcnen.com\/portal\/wp-json\/wp\/v2\/posts\/411861\/revisions\/411865"}],"wp:featuredmedia":[{"embeddable":true,"href":"https:\/\/www.pcnen.com\/portal\/wp-json\/wp\/v2\/media\/411864"}],"wp:attachment":[{"href":"https:\/\/www.pcnen.com\/portal\/wp-json\/wp\/v2\/media?parent=411861"}],"wp:term":[{"taxonomy":"category","embeddable":true,"href":"https:\/\/www.pcnen.com\/portal\/wp-json\/wp\/v2\/categories?post=411861"},{"taxonomy":"post_tag","embeddable":true,"href":"https:\/\/www.pcnen.com\/portal\/wp-json\/wp\/v2\/tags?post=411861"}],"curies":[{"name":"wp","href":"https:\/\/api.w.org\/{rel}","templated":true}]}}