{"id":411847,"date":"2024-09-10T11:48:41","date_gmt":"2024-09-10T09:48:41","guid":{"rendered":"https:\/\/www.pcnen.com\/portal\/?p=411847"},"modified":"2024-09-10T11:48:41","modified_gmt":"2024-09-10T09:48:41","slug":"ijz-uvazavamo-individualnu-slobodu-i-autonomiju-ali-istovremeno-isticemo-znacaj-odgovornog-ponasanja-prema-zajednici","status":"publish","type":"post","link":"https:\/\/www.pcnen.com\/portal\/2024\/09\/10\/ijz-uvazavamo-individualnu-slobodu-i-autonomiju-ali-istovremeno-isticemo-znacaj-odgovornog-ponasanja-prema-zajednici\/","title":{"rendered":"IJZ: Uva\u017eavamo individualnu slobodu i autonomiju, ali istovremeno isti\u010demo zna\u010daj odgovornog pona\u0161anja prema zajednici"},"content":{"rendered":"<p>Institut za javno zdravlje CG je obavijestio javnost da je ju\u010de ispred prostorija Instituta grupa gra\u0111ana protestovala povodom nedavnog predloga Instituta za promjenu zakonske regulative i\/ili dono\u0161enje naredbe u op\u0161tinama u kojima je prijavljena epidemija koja bi, izme\u0111u ostalog, onemogu\u0107ila boravak u pred\u0161kolskim i \u0161kolskim ustanovama djeci koja nijesu uredno vakcinisana u odnosu na uzrast, tj. djeci za koju ne postoje opravdane medicinske kontraindikacije za vakcinaciju.<\/p>\n<p>&#8220;Po\u0161tuju\u0107i pravo na ljudske i gra\u0111anske slobode, \u017eelimo da naglasimo da je dana\u0161nji protest rezultat neadekvatne informisanosti pojedinaca o bezbjednosti i zna\u010daju vakcinacije kao preventivne mjere za suzbijanje i \u0161irenje mnogih zaraznih bolesti.<\/p>\n<p>Kao odgovorni zdravstveni radnici uva\u017eavamo individualnu slobodu i autonomiju, ali istovremeno isti\u010demo zna\u010daj odgovornog pona\u0161anja prema zajednici, jer vakcinacija ne predstavlja samo pitanje li\u010dnog izbora. Vakcinacijom ne \u0161titimo samo sebe, ve\u0107 i lica koja zbog oslabljenog imuniteta ili nekih drugih medicinskih razloga ne mogu biti vakcinisana&#8221;, navodi se u <a href=\"https:\/\/www.ijzcg.me\/me\/novosti\/protest\" target=\"_blank\" rel=\"noopener\">saop\u0161tenju<\/a> Instituta.<\/p>\n<p>.<\/p>\n","protected":false},"excerpt":{"rendered":"<p>Institut za javno zdravlje CG je obavijestio javnost da je ju\u010de ispred prostorija Instituta grupa gra\u0111ana protestovala povodom nedavnog predloga Instituta za promjenu zakonske regulative i\/ili dono\u0161enje naredbe u op\u0161tinama u kojima je prijavljena epidemija<\/p>\n","protected":false},"author":1,"featured_media":407725,"comment_status":"open","ping_status":"closed","sticky":false,"template":"","format":"standard","meta":{"_seopress_robots_primary_cat":"none","_seopress_titles_title":"","_seopress_titles_desc":"","_seopress_robots_index":"","_et_pb_use_builder":"","_et_pb_old_content":"","_et_gb_content_width":"","inline_featured_image":false,"footnotes":""},"categories":[14],"tags":[],"class_list":["post-411847","post","type-post","status-publish","format-standard","has-post-thumbnail","hentry","category-vijesti"],"_links":{"self":[{"href":"https:\/\/www.pcnen.com\/portal\/wp-json\/wp\/v2\/posts\/411847","targetHints":{"allow":["GET"]}}],"collection":[{"href":"https:\/\/www.pcnen.com\/portal\/wp-json\/wp\/v2\/posts"}],"about":[{"href":"https:\/\/www.pcnen.com\/portal\/wp-json\/wp\/v2\/types\/post"}],"author":[{"embeddable":true,"href":"https:\/\/www.pcnen.com\/portal\/wp-json\/wp\/v2\/users\/1"}],"replies":[{"embeddable":true,"href":"https:\/\/www.pcnen.com\/portal\/wp-json\/wp\/v2\/comments?post=411847"}],"version-history":[{"count":1,"href":"https:\/\/www.pcnen.com\/portal\/wp-json\/wp\/v2\/posts\/411847\/revisions"}],"predecessor-version":[{"id":411850,"href":"https:\/\/www.pcnen.com\/portal\/wp-json\/wp\/v2\/posts\/411847\/revisions\/411850"}],"wp:featuredmedia":[{"embeddable":true,"href":"https:\/\/www.pcnen.com\/portal\/wp-json\/wp\/v2\/media\/407725"}],"wp:attachment":[{"href":"https:\/\/www.pcnen.com\/portal\/wp-json\/wp\/v2\/media?parent=411847"}],"wp:term":[{"taxonomy":"category","embeddable":true,"href":"https:\/\/www.pcnen.com\/portal\/wp-json\/wp\/v2\/categories?post=411847"},{"taxonomy":"post_tag","embeddable":true,"href":"https:\/\/www.pcnen.com\/portal\/wp-json\/wp\/v2\/tags?post=411847"}],"curies":[{"name":"wp","href":"https:\/\/api.w.org\/{rel}","templated":true}]}}